{"id":5292,"date":"2018-03-04T16:15:10","date_gmt":"2018-03-04T15:15:10","guid":{"rendered":"http:\/\/www.projekt-kirche.de\/?p=5292"},"modified":"2020-05-08T21:53:00","modified_gmt":"2020-05-08T19:53:00","slug":"ueber-die-kirche-als-tempel-gottes-2","status":"publish","type":"post","link":"https:\/\/www.projekt-kirche.de\/?p=5292","title":{"rendered":"\u00dcber die Kirche als Tempel Gottes"},"content":{"rendered":"<div class=\"shariff\" data-title=\"\u00dcber die Kirche als Tempel Gottes\" data-info-url=\"http:\/\/ct.de\/-2467514\" data-backend-url=\"https:\/\/www.projekt-kirche.de\/wp-content\/plugins\/shariff-sharing\/backend\/index.php\" data-temp=\"\/tmp\" data-ttl=\"60\" data-service=\"gftr\" data-services='[\"googleplus\",\"facebook\",\"twitter\",\"reddit\",\"info\"]' data-image=\"\" data-url=\"https:\/\/www.projekt-kirche.de\/?p=5292\" data-lang=\"de\" data-theme=\"colored\" data-orientation=\"horizontal\"><\/div><p>Heute gibt es anl\u00e4sslich der Fasten- und Vorbereitungszeit f\u00fcr Ostern einen sehr sch\u00f6nen Text von Papst und Kirchenlehrer Leo der Gro\u00dfe (?-um 461), \u00fcber die Kirche als den Tempel Gottes:<\/p>\n<p><!--more--><\/p>\n<blockquote><p>Beherzigen wir nun, was die gesamte Welt dem Kreuze des Herrn zu verdanken hat, dann erkennen wir auch, dass wir uns geb\u00fchrenderweise auf die Osterfeier durch das vierzigt\u00e4gige Fasten vorbereiten m\u00fcssen, um an den g\u00f6ttlichen Geheimnissen w\u00fcrdig Anteil nehmen zu k\u00f6nnen. Ist es doch n\u00f6tig, dass nicht allein die an der Spitze stehenden Bisch\u00f6fe und Priester zweiten Ranges, dass nicht nur die Diener der Sakramente, sondern auch der ganze Leib der Kirche und die gesamte Schar der Gl\u00e4ubigen von jeder Befleckung rein sind. So soll der Tempel Gottes, dessen Grund sein Gr\u00fcnder selber ist (vgl. <a href=\"https:\/\/www.bibleserver.com\/NLB\/1.Korinther3%2C11.16\" class=\"bibleserver extern\" target=\"_blank\" rel=\"noopener noreferrer\">1 Kor 3,11.16<\/a>), aus lauter herrlichen Steinen bestehen und in jedem seiner Teile im reinsten Licht erstrahlen! [&#8230;] Wenn auch dieses Haus nicht ohne seinen Baumeister begonnen und vollendet werden kann, so wurde ihm doch von diesem Baumeister die M\u00f6glichkeit gegeben, auch selbst etwas zum Ausbau beizutragen. Sind es doch \u201elebendige\u201c und \u201evernunftbegabte\u201c Steine, die zur Auff\u00fchrung dieses Tempels verwendet werden (vgl. <a href=\"https:\/\/www.bibleserver.com\/NLB\/1.Petrus2%2C5\" class=\"bibleserver extern\" target=\"_blank\" rel=\"noopener noreferrer\">1 Petr 2,5<\/a>). Ist es doch der Geist der Gnade, der sie veranlasst, sich freiwillig zu einem Ganzen zusammenzuf\u00fcgen. [&#8230;] Da also einerseits alle Gl\u00e4ubigen zusammen, andererseits alle wieder f\u00fcr sich allein ein und denselben \u201eTempel Gottes\u201c bilden (vgl. <a href=\"https:\/\/www.bibleserver.com\/NLB\/1.Korinther3%2C16\" class=\"bibleserver extern\" target=\"_blank\" rel=\"noopener noreferrer\">1 Kor 3,16<\/a>; <a href=\"https:\/\/www.bibleserver.com\/NLB\/2.Korinther6%2C16\" class=\"bibleserver extern\" target=\"_blank\" rel=\"noopener noreferrer\">2 Kor 6,16<\/a>), so muss dieser vollkommen im einzelnen und vollkommen im ganzen sein. Wenn auch nicht s\u00e4mtliche Glieder gleich sch\u00f6n sind, wenn auch bei so verschiedenen Teilen die Verdienste nicht ein und dieselben sein k\u00f6nnen, so geh\u00f6ren doch alle, die das Band christlicher Liebe umschlingt, zu diesem herrlich geschm\u00fcckten Tempel. Die durch solche Liebe Geeinten freuen sich gegenseitig \u00fcber die verliehenen Gaben, selbst wenn nicht alle die gleichen Gnadengeschenke genie\u00dfen. Was sie aber [an anderen] sch\u00e4tzen, das kann auch ihnen nicht fremd bleiben; denn wer das Vorw\u00e4rtsschreiten des N\u00e4chsten gerne sieht, der bereichert sich selbst durch eigenes Wachstum. (Sermon 48, 1; 10. Predigt auf die vierzigt\u00e4gige Fastenzeit (vgl. <a href=\"https:\/\/www.unifr.ch\/bkv\/\">Bibliothek der Kirchenv\u00e4ter, M\u00fcnchen<\/a> 1927))<\/p><\/blockquote>\n","protected":false},"excerpt":{"rendered":"<p>Heute gibt es anl\u00e4sslich der Fasten- und Vorbereitungszeit f\u00fcr Ostern einen sehr sch\u00f6nen Text von Papst und Kirchenlehrer Leo der Gro\u00dfe (?-um 461), \u00fcber die Kirche als den Tempel Gottes:<\/p>\n","protected":false},"author":1,"featured_media":0,"comment_status":"open","ping_status":"open","sticky":false,"template":"","format":"standard","meta":{"jetpack_post_was_ever_published":false,"_jetpack_newsletter_access":"","_jetpack_dont_email_post_to_subs":false,"_jetpack_newsletter_tier_id":0,"_jetpack_memberships_contains_paywalled_content":false,"_jetpack_memberships_contains_paid_content":false,"footnotes":""},"categories":[2],"tags":[],"class_list":["post-5292","post","type-post","status-publish","format-standard","hentry","category-allgemein"],"jetpack_featured_media_url":"","jetpack_shortlink":"https:\/\/wp.me\/p4Sdv6-1nm","jetpack_sharing_enabled":true,"_links":{"self":[{"href":"https:\/\/www.projekt-kirche.de\/index.php?rest_route=\/wp\/v2\/posts\/5292","targetHints":{"allow":["GET"]}}],"collection":[{"href":"https:\/\/www.projekt-kirche.de\/index.php?rest_route=\/wp\/v2\/posts"}],"about":[{"href":"https:\/\/www.projekt-kirche.de\/index.php?rest_route=\/wp\/v2\/types\/post"}],"author":[{"embeddable":true,"href":"https:\/\/www.projekt-kirche.de\/index.php?rest_route=\/wp\/v2\/users\/1"}],"replies":[{"embeddable":true,"href":"https:\/\/www.projekt-kirche.de\/index.php?rest_route=%2Fwp%2Fv2%2Fcomments&post=5292"}],"version-history":[{"count":4,"href":"https:\/\/www.projekt-kirche.de\/index.php?rest_route=\/wp\/v2\/posts\/5292\/revisions"}],"predecessor-version":[{"id":8531,"href":"https:\/\/www.projekt-kirche.de\/index.php?rest_route=\/wp\/v2\/posts\/5292\/revisions\/8531"}],"wp:attachment":[{"href":"https:\/\/www.projekt-kirche.de\/index.php?rest_route=%2Fwp%2Fv2%2Fmedia&parent=5292"}],"wp:term":[{"taxonomy":"category","embeddable":true,"href":"https:\/\/www.projekt-kirche.de\/index.php?rest_route=%2Fwp%2Fv2%2Fcategories&post=5292"},{"taxonomy":"post_tag","embeddable":true,"href":"https:\/\/www.projekt-kirche.de\/index.php?rest_route=%2Fwp%2Fv2%2Ftags&post=5292"}],"curies":[{"name":"wp","href":"https:\/\/api.w.org\/{rel}","templated":true}]}}