{"id":5295,"date":"2018-03-05T07:57:44","date_gmt":"2018-03-05T06:57:44","guid":{"rendered":"http:\/\/www.projekt-kirche.de\/?p=5295"},"modified":"2020-05-08T21:52:59","modified_gmt":"2020-05-08T19:52:59","slug":"ueber-die-taufe","status":"publish","type":"post","link":"https:\/\/www.projekt-kirche.de\/?p=5295","title":{"rendered":"\u00dcber die Taufe"},"content":{"rendered":"<div class=\"shariff\" data-title=\"\u00dcber die Taufe\" data-info-url=\"http:\/\/ct.de\/-2467514\" data-backend-url=\"https:\/\/www.projekt-kirche.de\/wp-content\/plugins\/shariff-sharing\/backend\/index.php\" data-temp=\"\/tmp\" data-ttl=\"60\" data-service=\"gftr\" data-services='[\"googleplus\",\"facebook\",\"twitter\",\"reddit\",\"info\"]' data-image=\"\" data-url=\"https:\/\/www.projekt-kirche.de\/?p=5295\" data-lang=\"de\" data-theme=\"colored\" data-orientation=\"horizontal\"><\/div><p>Ambrosius (um 340-397), Bischof von Mailand und Kirchenlehrer lehrt anhand der heutigen Lesung \u00fcber die christliche Taufe Folgendes:<\/p>\n<p><!--more--><\/p>\n<blockquote><p>Naaman war ein Syrer und litt am Aussatz und vermochte von niemand gereinigt zu werden. [&#8230;] Da sprach ein M\u00e4dchen von den Gefangenen, es sei ein Prophet in Israel, der ihn von der ansteckenden Krankheit des Aussatzes reinigen k\u00f6nne. [&#8230;] Vernimm nun, wer jenes junge M\u00e4dchen aus den Gefangenen sei! Es ist die Heidenkirche, das hei\u00dft: die Kirche des Herrn, die vorher, als sie sich noch nicht der Freiheit der Gnade erfreute, unter der Gefangenschaft der S\u00fcnde schmachtete. Auf ihren Rat hin h\u00f6rte jenes t\u00f6richte Heidenvolk auf das Wort der Propheten, an dem es vorher solange zweifelte, w\u00e4hrend es jedoch nachher \u2013 sobald es glaubte, dasselbe befolgen zu sollen \u2013 von jeglicher S\u00fcndenbefleckung reingewaschen wurde. Jener Naaman zweifelte wohl, bevor er geheilt wurde: du bist schon geheilt und darfst darum nicht zweifeln. Darum wurde dir vorhin eingesch\u00e4rft, nicht nur das zu glauben, was du sahst, damit nicht auch du etwa so sprechen w\u00fcrdest: das nun soll jenes gro\u00dfe Geheimnis sein, \u201edas kein Auge gesehen und kein Ohr geh\u00f6rt hat und in kein Menschenherz gekommen ist?\u201c (<a href=\"https:\/\/www.bibleserver.com\/NLB\/1.Korinther2%2C9\" class=\"bibleserver extern\" target=\"_blank\" rel=\"noopener noreferrer\">1 Kor 2,9<\/a>). Wasser nur sehe ich, wie ich es alle Tage gesehen: das soll mich reinigen? So oft stieg ich hinein und nie ward ich rein? Lerne daraus, dass das Wasser ohne den Geist nicht reinigt! Eben darum hast du gelesen, dass die drei Zeugen bei der Taufe eins sind: Wasser, Blut und Geist (<a href=\"https:\/\/www.bibleserver.com\/NLB\/1.Johannes5%2C8\" class=\"bibleserver extern\" target=\"_blank\" rel=\"noopener noreferrer\">1 Joh 5,8<\/a>); denn wenn du sie auf einen derselben einschr\u00e4nkst, besteht das Sakrament der Taufe nicht zu recht. Was ist denn das Wasser ohne das Kreuz Christi? Ein gew\u00f6hnliches Element ohne irgendwelche sakramentale Wirkung. Und umgekehrt: ohne Wasser kein Geheimnis der Wiedergeburt; denn \u201ewer nicht wiedergeboren ist aus dem Wasser und dem Geiste, kann in das Reich Gottes nicht eingehen\u201c (<a href=\"https:\/\/www.bibleserver.com\/NLB\/Johannes3%2C5\" class=\"bibleserver extern\" target=\"_blank\" rel=\"noopener noreferrer\">Joh 3,5<\/a>). Es glaubt aber auch der Katechumene an das Kreuz des Herrn Jesus, mit dem auch er bezeichnet wird; doch wenn er nicht getauft wird im Namen des Vaters und des Sohnes und des Heiligen Geistes, kann er den Nachlass der S\u00fcnden nicht empfangen und das Geschenk der geistigen Gnade nicht ganz in sich aufnehmen. Jener Syrer tauchte siebenmal kraft des Gesetzes unter; du aber wurdest getauft im Namen des dreieinigen Gottes: du hast den Vater bekannt \u2013 sei dessen eingedenk, was du getan! \u2013 hast den Sohn bekannt, hast den Heiligen Geist bekannt. Halte Punkt f\u00fcr Punkt fest an diesem Glauben! Der Welt bist du abgestorben und Gott bist du auferstanden. In jenem irdischen Elemente gleichsam begraben und der S\u00fcnde gestorben, bist du zum ewigen Leben wiedererweckt worden. (\u00dcber die Mysterien, \u00a7\u00a7 16-21, (vgl. <a href=\"https:\/\/www.unifr.ch\/bkv\/kapitel2215-8.htm\">Bibliothek der Kirchenv\u00e4ter<\/a>, M\u00fcnchen 1917), zitiert aus <a href=\"http:\/\/evangeliumtagfuertag.org\/main.php?language=DE&amp;module=commentary&amp;localdate=20180305\">Evangelium Tag f\u00fcr Tag<\/a>l<\/p><\/blockquote>\n","protected":false},"excerpt":{"rendered":"<p>Ambrosius (um 340-397), Bischof von Mailand und Kirchenlehrer lehrt anhand der heutigen Lesung \u00fcber die christliche Taufe Folgendes:<\/p>\n","protected":false},"author":1,"featured_media":0,"comment_status":"open","ping_status":"open","sticky":false,"template":"","format":"standard","meta":{"jetpack_post_was_ever_published":false,"_jetpack_newsletter_access":"","_jetpack_dont_email_post_to_subs":false,"_jetpack_newsletter_tier_id":0,"_jetpack_memberships_contains_paywalled_content":false,"_jetpack_memberships_contains_paid_content":false,"footnotes":""},"categories":[2],"tags":[],"class_list":["post-5295","post","type-post","status-publish","format-standard","hentry","category-allgemein"],"jetpack_featured_media_url":"","jetpack_shortlink":"https:\/\/wp.me\/p4Sdv6-1np","jetpack_sharing_enabled":true,"_links":{"self":[{"href":"https:\/\/www.projekt-kirche.de\/index.php?rest_route=\/wp\/v2\/posts\/5295","targetHints":{"allow":["GET"]}}],"collection":[{"href":"https:\/\/www.projekt-kirche.de\/index.php?rest_route=\/wp\/v2\/posts"}],"about":[{"href":"https:\/\/www.projekt-kirche.de\/index.php?rest_route=\/wp\/v2\/types\/post"}],"author":[{"embeddable":true,"href":"https:\/\/www.projekt-kirche.de\/index.php?rest_route=\/wp\/v2\/users\/1"}],"replies":[{"embeddable":true,"href":"https:\/\/www.projekt-kirche.de\/index.php?rest_route=%2Fwp%2Fv2%2Fcomments&post=5295"}],"version-history":[{"count":4,"href":"https:\/\/www.projekt-kirche.de\/index.php?rest_route=\/wp\/v2\/posts\/5295\/revisions"}],"predecessor-version":[{"id":8530,"href":"https:\/\/www.projekt-kirche.de\/index.php?rest_route=\/wp\/v2\/posts\/5295\/revisions\/8530"}],"wp:attachment":[{"href":"https:\/\/www.projekt-kirche.de\/index.php?rest_route=%2Fwp%2Fv2%2Fmedia&parent=5295"}],"wp:term":[{"taxonomy":"category","embeddable":true,"href":"https:\/\/www.projekt-kirche.de\/index.php?rest_route=%2Fwp%2Fv2%2Fcategories&post=5295"},{"taxonomy":"post_tag","embeddable":true,"href":"https:\/\/www.projekt-kirche.de\/index.php?rest_route=%2Fwp%2Fv2%2Ftags&post=5295"}],"curies":[{"name":"wp","href":"https:\/\/api.w.org\/{rel}","templated":true}]}}