{"id":53,"date":"2008-08-15T21:00:59","date_gmt":"2008-08-15T19:00:59","guid":{"rendered":"http:\/\/sschweizer.wordpress.com\/?p=53"},"modified":"2020-05-08T17:08:38","modified_gmt":"2020-05-08T15:08:38","slug":"geistliches-training","status":"publish","type":"post","link":"https:\/\/www.projekt-kirche.de\/?p=53","title":{"rendered":"Geistliches Training"},"content":{"rendered":"<div class=\"shariff\" data-title=\"Geistliches Training\" data-info-url=\"http:\/\/ct.de\/-2467514\" data-backend-url=\"https:\/\/www.projekt-kirche.de\/wp-content\/plugins\/shariff-sharing\/backend\/index.php\" data-temp=\"\/tmp\" data-ttl=\"60\" data-service=\"gftr\" data-services='[\"googleplus\",\"facebook\",\"twitter\",\"reddit\",\"info\"]' data-image=\"\" data-url=\"https:\/\/www.projekt-kirche.de\/?p=53\" data-lang=\"de\" data-theme=\"colored\" data-orientation=\"horizontal\"><\/div><p>Heute vormittag war ich mal wieder im Fitness-Studio wegen meiner R\u00fcckenprobleme. Da gibt es nicht nur so Gelegenheitssportler wie mich, sondern auch ernsthafte Bodybuilder. Die schinden sich da richtig ab, um ihren K\u00f6rper fit und in guter Form zu halten bzw. aufzubauen. Nicht nur einmal die Woche f\u00fcr &#8216;ne halbe Stunde wie ich, sondern sicherlich mind. 2-3 die Woche f\u00fcr weit mehr als 1 Stunde.<\/p>\n<p>Es ist schon interessant wie (junge!) Menschen so richtig diszipliniert sein k\u00f6nnen, wenn es um ihr Aussehen geht. Wenn es um Gott und die eigene Ewigkeit geht, dann ist man leider meist viel nachl\u00e4ssiger. Gerade auch wir Christen denke ich. Wie schwer f\u00e4llt es uns nur, geistlich fit zu bleiben bzw. sich geistlich zu trainieren bzw. trainieren zu lassen.<\/p>\n<p>F\u00fcr mich waren die letzten Tage und Wochen so was \u00e4hnliches wie ein geistliches Training. Ich bin durch &#8220;Zufall&#8221; auf <a title=\"Tom's Blog\" href=\"http:\/\/www.isamesih.de\/blog\/\" target=\"_blank\" rel=\"noopener noreferrer\">Tom&#8217;s <\/a>und <a title=\"Dirk's Blog\" href=\"http:\/\/dikosss.wordpress.com\/\" target=\"_blank\" rel=\"noopener noreferrer\">Dirk&#8217;s<\/a> Blog gesto\u00dfen. Und ich fand ihre &#8220;Unterhaltung&#8221; \u00fcber Themen wie Gemeindeaufbau sehr interessant. Vor allem war ich ehrlich sehr angetan wie freundschaftlich und respektvoll sie miteinander umgegangen sind. Toll, habe ich bei mir gedacht. Es gibt sie also doch (noch): reife, liebevolle und ernsthafte Christen mit gesunden Ansichten \ud83d\ude42<\/p>\n<p>Dann habe ich angefangen, mich auch an den Diskussionen auf den verschiedensten Blogs zu beteiligen. Das hat mir viel Freude gemacht. Nach langer Zeit konnte ich mich mal wieder mit anderen Christen \u00fcber geistliche Themen (und anderes) tiefergehend austauschen. Und nat\u00fcrlich gab es da auch die ein oder andere kontroverse Diskussion. Und nicht immer liefen die Unterhaltungen in einer respekt- und liebevollen Art ab. An dieser Stelle m\u00f6chte ich mich gleich nochmals entschuldigen bei allen,  die ich nicht so behandelt habe wie es Jesus geboten hat.<\/p>\n<p>Aber genau das ist f\u00fcr mich geistliches Training. Sich mit anderen Christen \u00fcber verschiedene Themen austauschen, von anderen lernen und anderen hoffentlich auch etwas mitgeben k\u00f6nnen. Ich habe auf jeden Fall einige interessante Leute kennen lernen d\u00fcrfen. Christen mit anderen Hintergr\u00fcnden bzgl. ihrer Lebenserfahrungen und geistlichen Erlebnissen. Br\u00fcder und Schwestern im Glauben, die teilweise ganz unterschiedliche theologische Ansichten haben. Und es war und ist nicht immer ganz einfach f\u00fcr uns gewesen, einander zu verstehen, zu respektieren und wirklich zu lieben.<\/p>\n<p>Aber ohne solche Erfahrungen k\u00f6nnen wir unseren Glauben weder leben, noch pr\u00fcfen. Noch k\u00f6nnen wir uns geistlich weiter entwickeln. Und wir werden auch ohne diesen (oft schwierigen und herausfordernden) Austausch meiner Ansicht nach nie wirklich eins werden wie das Jesus geboten hat.<\/p>\n<p>Ich w\u00fcnsche mir sehr, dass wir alle zu einer Gemeinschaft von Christen heranwachsen, auf die folgender Ausspruch unseres Herrn zutrifft:<\/p>\n<blockquote><p>Daran werden alle <span class=\"highlight_search\">erkennen<\/span>, dass ihr meine <span class=\"highlight_search\">J\u00fcnger<\/span> seid: wenn ihr einander liebt. (<a href=\"https:\/\/www.bibleserver.com\/NLB\/Johannes13%2C25\" class=\"bibleserver extern\" target=\"_blank\" rel=\"noopener noreferrer\">Joh 13,25<\/a> E\u00dc)<\/p><\/blockquote>\n<p>PS: Ich bin jetzt f\u00fcr 2 Wochen an der Nordsee im Urlaub und werde bei dieser Gelegenheit auch meine Medikamente gegen meine Depressionen absetzen. Wer m\u00f6chte kann gerne f\u00fcr mich beten, dass ich wieder so richtig gesund werde. Im Gegenzug bleibt Ihr f\u00fcr ca. 2 Wochen von meinen Kommentaren auf Euren Blogs verschont \ud83d\ude42<\/p>\n","protected":false},"excerpt":{"rendered":"<p>Heute vormittag war ich mal wieder im Fitness-Studio wegen meiner R\u00fcckenprobleme. Da gibt es nicht nur so Gelegenheitssportler wie mich, sondern auch ernsthafte Bodybuilder. Die schinden sich da richtig ab, um ihren K\u00f6rper fit und in guter Form zu halten bzw. aufzubauen. Nicht nur einmal die Woche f\u00fcr &#8216;ne halbe Stunde wie ich, sondern sicherlich [&hellip;]<\/p>\n","protected":false},"author":1,"featured_media":0,"comment_status":"open","ping_status":"open","sticky":false,"template":"","format":"standard","meta":{"jetpack_post_was_ever_published":false,"_jetpack_newsletter_access":"","_jetpack_dont_email_post_to_subs":false,"_jetpack_newsletter_tier_id":0,"_jetpack_memberships_contains_paywalled_content":false,"_jetpack_memberships_contains_paid_content":false,"footnotes":""},"categories":[2],"tags":[],"class_list":["post-53","post","type-post","status-publish","format-standard","hentry","category-allgemein"],"jetpack_featured_media_url":"","jetpack_shortlink":"https:\/\/wp.me\/p4Sdv6-R","jetpack_sharing_enabled":true,"_links":{"self":[{"href":"https:\/\/www.projekt-kirche.de\/index.php?rest_route=\/wp\/v2\/posts\/53","targetHints":{"allow":["GET"]}}],"collection":[{"href":"https:\/\/www.projekt-kirche.de\/index.php?rest_route=\/wp\/v2\/posts"}],"about":[{"href":"https:\/\/www.projekt-kirche.de\/index.php?rest_route=\/wp\/v2\/types\/post"}],"author":[{"embeddable":true,"href":"https:\/\/www.projekt-kirche.de\/index.php?rest_route=\/wp\/v2\/users\/1"}],"replies":[{"embeddable":true,"href":"https:\/\/www.projekt-kirche.de\/index.php?rest_route=%2Fwp%2Fv2%2Fcomments&post=53"}],"version-history":[{"count":4,"href":"https:\/\/www.projekt-kirche.de\/index.php?rest_route=\/wp\/v2\/posts\/53\/revisions"}],"predecessor-version":[{"id":8458,"href":"https:\/\/www.projekt-kirche.de\/index.php?rest_route=\/wp\/v2\/posts\/53\/revisions\/8458"}],"wp:attachment":[{"href":"https:\/\/www.projekt-kirche.de\/index.php?rest_route=%2Fwp%2Fv2%2Fmedia&parent=53"}],"wp:term":[{"taxonomy":"category","embeddable":true,"href":"https:\/\/www.projekt-kirche.de\/index.php?rest_route=%2Fwp%2Fv2%2Fcategories&post=53"},{"taxonomy":"post_tag","embeddable":true,"href":"https:\/\/www.projekt-kirche.de\/index.php?rest_route=%2Fwp%2Fv2%2Ftags&post=53"}],"curies":[{"name":"wp","href":"https:\/\/api.w.org\/{rel}","templated":true}]}}