{"id":5394,"date":"2018-04-12T08:13:01","date_gmt":"2018-04-12T06:13:01","guid":{"rendered":"http:\/\/www.projekt-kirche.de\/?p=5394"},"modified":"2020-05-10T21:02:18","modified_gmt":"2020-05-10T19:02:18","slug":"eine-ermutigung-2","status":"publish","type":"post","link":"https:\/\/www.projekt-kirche.de\/?p=5394","title":{"rendered":"Eine Ermutigung"},"content":{"rendered":"<div class=\"shariff\" data-title=\"Eine Ermutigung\" data-info-url=\"http:\/\/ct.de\/-2467514\" data-backend-url=\"https:\/\/www.projekt-kirche.de\/wp-content\/plugins\/shariff-sharing\/backend\/index.php\" data-temp=\"\/tmp\" data-ttl=\"60\" data-service=\"gftr\" data-services='[\"googleplus\",\"facebook\",\"twitter\",\"reddit\",\"info\"]' data-image=\"\" data-url=\"https:\/\/www.projekt-kirche.de\/?p=5394\" data-lang=\"de\" data-theme=\"colored\" data-orientation=\"horizontal\"><\/div><p>Heute gibt es eine kleine Ermutigung im Glauben vom Priester und Ordensgr\u00fcnder Vinzenz von Paul (1581-1660):<\/p>\n<p><!--more--><\/p>\n<blockquote><p>Gott schenkt uns seine Gnaden in dem Ma\u00dfe, wie wir ihrer bed\u00fcrfen. Er ist eine Quelle, aus der ein jeder Wasser nach seinen Bed\u00fcrfnissen sch\u00f6pft: Wer sechs Eimer davon braucht, sch\u00f6pft sechs; drei sch\u00f6pfe, wer drei ben\u00f6tigt; ein Vogel braucht einen Schnabel voll Wasser und nimmt auch einen Schnabel voll; ein Pilger sch\u00f6pft Wasser mit seiner hohlen Hand, um sich zu erfrischen. Genauso geht es uns mit Gott. Unser Gem\u00fct muss zutiefst bewegt sein und uns dadurch f\u00e4hig machen, ein Kapitel aus dem Neuen Testament gl\u00e4ubig in uns aufzunehmen, damit der Lekt\u00fcre sogleich Taten folgen: Anbetung als Anbetung des Wortes Gottes und seiner Wahrheit; Empathie mit den Gef\u00fchlen, die unser Herr hatte, als er sie verk\u00fcndete, und ihre Billigung; der Entschluss, diese Wahrheiten in die Praxis umzusetzen [&#8230;] Vor allem sollte man sich h\u00fcten, sie nur studienhalber zu lesen und zu sagen: \u201eDiese Stelle da ist mir f\u00fcr diese und jene Predigt von Nutzen.\u201c Man darf sie nur zur eigenen Erbauung lesen. Man lasse sich auch nicht entmutigen, wenn man sie mehrmals \u2013 ein Monat, zwei Monate, ein halbes Jahr \u2013 gelesen hat, ohne von ihr anger\u00fchrt zu sein. Irgendwann wird uns ein kleines Licht aufgehen, dann ein gr\u00f6\u00dferes und ein noch gr\u00f6\u00dferes, wenn wir es n\u00f6tig haben. Ein einziges Wort kann uns schon bekehren; nur ein einziges gen\u00fcgt. (in &#8220;Geistliche Unterweisung&#8221; vom 19.01.1642, zitiert aus <a href=\"https:\/\/evangeliumtagfuertag.org\/main.php?language=DE&amp;module=commentary&amp;localdate=20180412\">Evangelium Tag f\u00fcr Tag<\/a>)<\/p><\/blockquote>\n","protected":false},"excerpt":{"rendered":"<p>Heute gibt es eine kleine Ermutigung im Glauben vom Priester und Ordensgr\u00fcnder Vinzenz von Paul (1581-1660):<\/p>\n","protected":false},"author":1,"featured_media":0,"comment_status":"open","ping_status":"open","sticky":false,"template":"","format":"standard","meta":{"jetpack_post_was_ever_published":false,"_jetpack_newsletter_access":"","_jetpack_dont_email_post_to_subs":false,"_jetpack_newsletter_tier_id":0,"_jetpack_memberships_contains_paywalled_content":false,"_jetpack_memberships_contains_paid_content":false,"footnotes":""},"categories":[2],"tags":[],"class_list":["post-5394","post","type-post","status-publish","format-standard","hentry","category-allgemein"],"jetpack_featured_media_url":"","jetpack_shortlink":"https:\/\/wp.me\/p4Sdv6-1p0","jetpack_sharing_enabled":true,"_links":{"self":[{"href":"https:\/\/www.projekt-kirche.de\/index.php?rest_route=\/wp\/v2\/posts\/5394","targetHints":{"allow":["GET"]}}],"collection":[{"href":"https:\/\/www.projekt-kirche.de\/index.php?rest_route=\/wp\/v2\/posts"}],"about":[{"href":"https:\/\/www.projekt-kirche.de\/index.php?rest_route=\/wp\/v2\/types\/post"}],"author":[{"embeddable":true,"href":"https:\/\/www.projekt-kirche.de\/index.php?rest_route=\/wp\/v2\/users\/1"}],"replies":[{"embeddable":true,"href":"https:\/\/www.projekt-kirche.de\/index.php?rest_route=%2Fwp%2Fv2%2Fcomments&post=5394"}],"version-history":[{"count":1,"href":"https:\/\/www.projekt-kirche.de\/index.php?rest_route=\/wp\/v2\/posts\/5394\/revisions"}],"predecessor-version":[{"id":6437,"href":"https:\/\/www.projekt-kirche.de\/index.php?rest_route=\/wp\/v2\/posts\/5394\/revisions\/6437"}],"wp:attachment":[{"href":"https:\/\/www.projekt-kirche.de\/index.php?rest_route=%2Fwp%2Fv2%2Fmedia&parent=5394"}],"wp:term":[{"taxonomy":"category","embeddable":true,"href":"https:\/\/www.projekt-kirche.de\/index.php?rest_route=%2Fwp%2Fv2%2Fcategories&post=5394"},{"taxonomy":"post_tag","embeddable":true,"href":"https:\/\/www.projekt-kirche.de\/index.php?rest_route=%2Fwp%2Fv2%2Ftags&post=5394"}],"curies":[{"name":"wp","href":"https:\/\/api.w.org\/{rel}","templated":true}]}}