{"id":5410,"date":"2018-04-29T09:00:39","date_gmt":"2018-04-29T07:00:39","guid":{"rendered":"http:\/\/www.projekt-kirche.de\/?p=5410"},"modified":"2020-05-09T14:35:44","modified_gmt":"2020-05-09T12:35:44","slug":"ueber-das-wirken-jesu-in-der-kirche","status":"publish","type":"post","link":"https:\/\/www.projekt-kirche.de\/?p=5410","title":{"rendered":"\u00dcber das Wirken Jesu in der Kirche"},"content":{"rendered":"<div class=\"shariff\" data-title=\"\u00dcber das Wirken Jesu in der Kirche\" data-info-url=\"http:\/\/ct.de\/-2467514\" data-backend-url=\"https:\/\/www.projekt-kirche.de\/wp-content\/plugins\/shariff-sharing\/backend\/index.php\" data-temp=\"\/tmp\" data-ttl=\"60\" data-service=\"gftr\" data-services='[\"googleplus\",\"facebook\",\"twitter\",\"reddit\",\"info\"]' data-image=\"\" data-url=\"https:\/\/www.projekt-kirche.de\/?p=5410\" data-lang=\"de\" data-theme=\"colored\" data-orientation=\"horizontal\"><\/div><p>Im Folgenden beschreibt Pius XII., Papst von 1939-1958, das Wirken Jesu in den Gl\u00e4ubigen. Nicht immer ganz leicht zu verstehen, aber daf\u00fcr sehr tief und wahr \ud83d\ude09<\/p>\n<p><!--more--><\/p>\n<blockquote><p>&#8220;Es war Gottes Wille, in Ihm [Christus] die ganze F\u00fclle wohnen zu lassen&#8221; (<a href=\"https:\/\/www.bibleserver.com\/NLB\/Kolosser1%2C19\" class=\"bibleserver extern\" target=\"_blank\" rel=\"noopener noreferrer\">Kol 1, 19<\/a>). Ihn zieren jene \u00fcbernat\u00fcrlichen Gaben, welche die hypostatische Vereinigung der beiden Naturen [= in Christus bestehende Einheit von g\u00f6ttlicher und menschlicher Natur] im Gefolge hat: in Ihm wohnt der Heilige Geist in einer derartigen Gnadenf\u00fclle, dass sie gr\u00f6\u00dfer nicht gedacht werden kann. Ihm ist gegeben &#8220;die Macht \u00fcber alles Fleisch&#8221; (<a href=\"https:\/\/www.bibleserver.com\/NLB\/Johannes17%2C2\" class=\"bibleserver extern\" target=\"_blank\" rel=\"noopener noreferrer\">Joh 17, 2<\/a>), \u00fcberreich sind in Ihm &#8220;alle Sch\u00e4tze der Weisheit und Erkenntnis&#8221; (<a href=\"https:\/\/www.bibleserver.com\/NLB\/Kolosser2%2C3\" class=\"bibleserver extern\" target=\"_blank\" rel=\"noopener noreferrer\">Kol 2,3<\/a>). Auch jene Erkenntnis, die man Erkenntnis der Gottschauung nennt, besitzt Er in solcher F\u00fclle, dass sie an Umfang und Klarheit die beseligende Schau aller Heiligen im Himmel weit \u00fcberragt. Und schlie\u00dflich ist Er so reich an Gnade und Wahrheit, da\u00df wir alle aus seiner unersch\u00f6pflichen F\u00fclle empfangen (<a href=\"https:\/\/www.bibleserver.com\/NLB\/Johannes1%2C14-16\" class=\"bibleserver extern\" target=\"_blank\" rel=\"noopener noreferrer\">Joh 1, 14-16<\/a>). [\u2026] Er ist es, der den Gl\u00e4ubigen das Licht des Glaubens eingie\u00dft; der die Hirten und Lehrer und besonders seinen Stellvertreter auf Erden mit den \u00fcbernat\u00fcrlichen Gaben der Erkenntnis, der Einsicht und Weisheit bereichert, damit sie den Schatz des Glaubens getreu bewahren, mutig verteidigen, fromm und eifrig erkl\u00e4ren und sichern. Er ist es schlie\u00dflich, der, wenn auch unsichtbar, die Konzilien der Kirche leitet und erleuchtet. Christus ist Begr\u00fcnder und Urheber der Heiligkeit. Denn es gibt keinen heilbringenden Akt, der nicht aus Ihm als seiner \u00fcbernat\u00fcrlichen Quelle sich herleitete. &#8220;Ohne Mich&#8221;, sagt Er, &#8220;k\u00f6nnt ihr nichts tun&#8221; (<a href=\"https:\/\/www.bibleserver.com\/NLB\/Johannes15%2C5\" class=\"bibleserver extern\" target=\"_blank\" rel=\"noopener noreferrer\">Joh 15, 5<\/a>). Wenn wir ob begangener Schuld von Seelenschmerz und Reue bewegt werden; wenn wir uns in kindlicher Furcht und Hoffnung zu Gott bekehren, immer werden wir von seiner Kraft gef\u00fchrt. Gnade und Glorie entspringen aus seiner unersch\u00f6pflichen F\u00fclle. [\u2026] Und wenn die Sakramente der Kirche mit einem \u00e4u\u00dferen Ritus gespendet werden, dann bringt Er selber die Wirkung in den Seelen hervor. Ebenso ist Er es, der die Erl\u00f6sten mit seinem Fleische und Blute n\u00e4hrt und die wirren, erregten Leidenschaften beruhigt. Er vermehrt die Gnade und bereitet die Glorie f\u00fcr Seele und Leib. [&#8230;] Christus der Herr l\u00e4sst die Kirche an seinem \u00fcbernat\u00fcrlichen Leben teilnehmen, durchdringt ihren ganzen Leib mit seiner g\u00f6ttlichen Kraft und n\u00e4hrt und erh\u00e4lt die einzelnen Glieder gem\u00e4\u00df dem Rang, den sie im Leibe einnehmen, ungef\u00e4hr in der Weise, in welcher der Weinstock die mit ihm verbundenen Rebzweige n\u00e4hrt und fruchtbar macht. (aus Enzyklika \u201eMystici Corporis\u201c, 1. Teil (\u00a9 Copyright &#8211; Libreria Editrice Vaticana), zitiert aus <a href=\"https:\/\/evangeliumtagfuertag.org\/main.php?language=DE&amp;module=commentary&amp;localdate=20180429\">Evangelium Tag f\u00fcr Tag<\/a>)<\/p><\/blockquote>\n","protected":false},"excerpt":{"rendered":"<p>Im Folgenden beschreibt Pius XII., Papst von 1939-1958, das Wirken Jesu in den Gl\u00e4ubigen. Nicht immer ganz leicht zu verstehen, aber daf\u00fcr sehr tief und wahr \ud83d\ude09<\/p>\n","protected":false},"author":1,"featured_media":0,"comment_status":"open","ping_status":"open","sticky":false,"template":"","format":"standard","meta":{"jetpack_post_was_ever_published":false,"_jetpack_newsletter_access":"","_jetpack_dont_email_post_to_subs":false,"_jetpack_newsletter_tier_id":0,"_jetpack_memberships_contains_paywalled_content":false,"_jetpack_memberships_contains_paid_content":false,"footnotes":""},"categories":[2],"tags":[],"class_list":["post-5410","post","type-post","status-publish","format-standard","hentry","category-allgemein"],"jetpack_featured_media_url":"","jetpack_shortlink":"https:\/\/wp.me\/p4Sdv6-1pg","jetpack_sharing_enabled":true,"_links":{"self":[{"href":"https:\/\/www.projekt-kirche.de\/index.php?rest_route=\/wp\/v2\/posts\/5410","targetHints":{"allow":["GET"]}}],"collection":[{"href":"https:\/\/www.projekt-kirche.de\/index.php?rest_route=\/wp\/v2\/posts"}],"about":[{"href":"https:\/\/www.projekt-kirche.de\/index.php?rest_route=\/wp\/v2\/types\/post"}],"author":[{"embeddable":true,"href":"https:\/\/www.projekt-kirche.de\/index.php?rest_route=\/wp\/v2\/users\/1"}],"replies":[{"embeddable":true,"href":"https:\/\/www.projekt-kirche.de\/index.php?rest_route=%2Fwp%2Fv2%2Fcomments&post=5410"}],"version-history":[{"count":4,"href":"https:\/\/www.projekt-kirche.de\/index.php?rest_route=\/wp\/v2\/posts\/5410\/revisions"}],"predecessor-version":[{"id":8580,"href":"https:\/\/www.projekt-kirche.de\/index.php?rest_route=\/wp\/v2\/posts\/5410\/revisions\/8580"}],"wp:attachment":[{"href":"https:\/\/www.projekt-kirche.de\/index.php?rest_route=%2Fwp%2Fv2%2Fmedia&parent=5410"}],"wp:term":[{"taxonomy":"category","embeddable":true,"href":"https:\/\/www.projekt-kirche.de\/index.php?rest_route=%2Fwp%2Fv2%2Fcategories&post=5410"},{"taxonomy":"post_tag","embeddable":true,"href":"https:\/\/www.projekt-kirche.de\/index.php?rest_route=%2Fwp%2Fv2%2Ftags&post=5410"}],"curies":[{"name":"wp","href":"https:\/\/api.w.org\/{rel}","templated":true}]}}