{"id":5417,"date":"2018-05-06T20:47:10","date_gmt":"2018-05-06T18:47:10","guid":{"rendered":"http:\/\/www.projekt-kirche.de\/?p=5417"},"modified":"2020-05-10T03:50:07","modified_gmt":"2020-05-10T01:50:07","slug":"kirchengeschichte-die-erste-missionsreise-des-heiligen-paulus","status":"publish","type":"post","link":"https:\/\/www.projekt-kirche.de\/?p=5417","title":{"rendered":"Kirchengeschichte: Die erste Missionsreise des heiligen Paulus"},"content":{"rendered":"<div class=\"shariff\" data-title=\"Kirchengeschichte: Die erste Missionsreise des heiligen Paulus\" data-info-url=\"http:\/\/ct.de\/-2467514\" data-backend-url=\"https:\/\/www.projekt-kirche.de\/wp-content\/plugins\/shariff-sharing\/backend\/index.php\" data-temp=\"\/tmp\" data-ttl=\"60\" data-service=\"gftr\" data-services='[\"googleplus\",\"facebook\",\"twitter\",\"reddit\",\"info\"]' data-image=\"\" data-url=\"https:\/\/www.projekt-kirche.de\/?p=5417\" data-lang=\"de\" data-theme=\"colored\" data-orientation=\"horizontal\"><\/div><p>Nach dem Kapitel \u201c<a href=\"http:\/\/www.projekt-kirche.de\/?p=5397\">Die Berufung des Saulus zur Heidenmission<\/a>\u201d gibt es heute das siebte Kapitel aus dem Buch \u201cGeschichte der Kirche Christi\u201d von DDr. Johannes Schuck aus dem Jahr 1938 (Echter Verlag):<!--more--><\/p>\n<p>Nachdem Paulus und Barnabas ihre Aufgabe in Jerusalem treulich erf\u00fcllt und die \u00fcberbrachten Almosen ausgeteilt hatten, kehrten sie, von dem Evangelisten Markus begleitet, nach Antiochia zur\u00fcck; es war um das Jahr 44 oder 45 nach Christus. In Antiochia wurde nun eine f\u00fcr die Ausbreitung des Christentums bedeutsame Handlung vorgenommen. Die Apostelgeschichte berichtet dar\u00fcber: \u201eW\u00e4hrend sie dem Herrn den heiligen Dienst verrichteten und fasteten, sprach der Heilige Geist: Sondert mir Barnabas und Saulus f\u00fcr die Aufgabe aus, zu der ich sie berufen habe. Alsdann fasteten und beteten sie, legten ihnen die H\u00e4nde auf und lie\u00dfen sie ziehen&#8221; (<a href=\"https:\/\/www.bibleserver.com\/NLB\/Apostelgeschichte13%2C2-3\" class=\"bibleserver extern\" target=\"_blank\" rel=\"noopener noreferrer\">Apg 13, 2 f)<\/a>.<\/p>\n<p>Wie man diese Stelle auch erkl\u00e4ren mag, auf jeden Fall war die darin geschilderte heilige Handlung die Vorbereitung zur ersten gro\u00dfen Missionsreise des V\u00f6lkerapostels und zwar eine Vorbereitung, die ersehen l\u00e4\u00dft, wie wichtig man die Missionsreise selbst nahm; mit Recht wichtig nahm. So wichtig waren die Missionsreisen des V\u00f6lkerapostels, da\u00df der Geschichtsschreiber bei ihnen bed\u00e4chtig verweilen mu\u00df; er kann sich dabei gl\u00fccklich preisen, \u00fcber ihren Verlauf einen ausf\u00fchrlichen und unbedingt zuverl\u00e4ssigen Bericht zu haben.<\/p>\n<p>Dieser vom heiligen Lukas in der Apostelgeschichte niedergelegte Bericht er\u00f6ffnet uns einen tiefen Blick in die Verh\u00e4ltnisse der Urkirche und die Glaubensverk\u00fcndigung der Apostel, in ihre M\u00fchsale und Arbeiten, in ihre Erfolge und Freuden und in die wunderbare Gnadenhilfe; nicht zulegt einen \u00fcberaus wertvollen Blick in die Seele des V\u00f6lkerapostels. Wir gewinnen damit ein lebensvolles Bild der apostolischen Aufgabe und Hingabe, der apostolischen Gr\u00f6\u00dfe und Heiligkeit. Wechselvolle K\u00e4mpfe und Aufregungen ohne Zahl ziehen da an unserem Auge vor\u00fcber, K\u00e4mpfe mit den M\u00e4chten der Natur und den Geh\u00e4ssigkeiten der Juden, K\u00e4mpfe mit dem Mi\u00dftrauen der Br\u00fcder und mit der eigenen menschlichen Schw\u00e4che &#8211; kurz ein Heldenleben, dessen Bild immergr\u00fcne Kr\u00e4nze tr\u00e4gt.<\/p>\n<p>Auch die Christen in Antiochia waren sich dessen bewu\u00dft, da\u00df jetzt der erste planm\u00e4\u00dfige, vom Heiligen Geist veranla\u00dfte Vorsto\u00df in die weite Welt unternommen werden sollte. In dieser Welt au\u00dferhalb Pal\u00e4stinas gab es wohl schon \u00fcberall zerstreut auch Judengemeinden; aber im Gegensatz zum Mutterland Israels war die Welt au\u00dferhalb Pal\u00e4stinas doch die Welt der Heiden, und ihr Verlauf erwies schon gleich die erste Missionsreise als einen tiefen Vorsto\u00df in diese Heidenwelt.<\/p>\n<p>Den Angriff vorzutragen, dazu war, was die nat\u00fcrlichen Gaben betrifft, von allen J\u00fcngern des Herrn keiner so geeignet wie der heilige Paulus. Keiner war so allseitig gebildet wie er. Er hatte die beste Schule der j\u00fcdischen Gesetzesgelehrsamkeit durchlaufen und kannte wie kein zweiter die j\u00fcdische Gedankenwelt und ihre Irrg\u00e4nge. Er kannte aber auch die Weisheit der Griechen und wenn er auf R\u00f6mer traf er hatte das r\u00f6mische B\u00fcrgerrecht. Wir wollen nun diesen ersten Vorsto\u00df in die Heidenwelt verfolgen.<\/p>\n<p>Von Antiochia reisten Paulus und Barnabas, auch jetzt noch von Markus begleitet, zur Hafenstadt Seleucia. Hier bestiegen sie ein Schiff und fuhren \u00fcber das Meer nach der Insel Zypern. In der Stadt Salamis stiegen sie aus, gingen in die Synagoge der Juden, predigten da und durchzogen dann zu Fu\u00df die Insel der ganzen L\u00e4nge nach bis zur Stadt Paphos. W\u00e4hrend \u00fcber ihre Erfolge bis dahin nichts berichtet ist, wissen wir von einem gro\u00dfen Erfolg in der Stadt Paphos. Das Auftreten der J\u00fcnger Christi war n\u00e4mlich schnell in der Stadt bekannt geworden und auch dem Statthalter Sergius Paulus zu Ohren gekommen. Der Statthalter war einer jener Heiden, denen die helfende Gnade Gottes Hunger und Durst nach der Gerechtigkeit verliehen hatte; er lie\u00df Paulus und Barnabas rufen, um sich von ihnen belehren zu lassen. Dabei kam es zu einem aufregenden Vorfall. In Paphos lebte ein Jude, Barjesu oder Elymas gehei\u00dfen, der sich mit tr\u00fcgerischen Gaukeleien abgab und Sergius Paulus von dem \u00dcbertritt zum Christentum abzuhalten suchte. Aber vom Heiligen Geist erf\u00fcllt trat Paulus dem Juden unerschrocken gegen\u00fcber und warf ihn wie mit starker Hand aus dem Wege. Er sagte ihm die wirkliche Gesinnung seines b\u00f6sen Heizens ins Gesicht und als himmlisches Zeugnis f\u00fcr seine Worte k\u00fcndigte er ihm eine furchtbare Strafe an: blind sollte Elymas werden \u2014 eine Zeitlang blind werden. Und schon tastete der Jude mit den Armen in der Luft herum und suchte nach einer Hand, ihn zu f\u00fchren. In dem Augenblick nun, in dem es vor den F\u00fc\u00dfen des Elymas finster geworden war, wurde es in der Seele des Statthalters strahlend hell. Sergius Paulus wurde ein Christ.<\/p>\n<p>Jetzt war in Zypern das Werk getan. Schnell auf ein Schiff und \u00fcber das Meer nach Norden, an die K\u00fcste von Pamphylien. Perge hei\u00dft der Hafen, in den sie einfuhren. Hier verlie\u00df Markus seine Gef\u00e4hrten und kehrte nach Jerusalem zur\u00fcck, Paulus und Barnabas aber zogen immer predigend weiter nach Norden, nach Galatien, bis zur gro\u00dfen Stadt Antiochia, die zum Unterschied von dem Antiochia, woher die Apostel kamen, das pisidische Antiochia genannt wird. Auch hier ging es zuerst in die Synagoge, wo die Judengemeinde zum Gebet versammelt war. Das Erscheinen der Apostel erregte Aufsehen; man merkte, da\u00df sie etwas zu sagen hatten. Daher traten nach der Verlesung der heiligen B\u00fccher die Vorsteher der Synagoge auf Paulus und Barnabas zu und fragten sie, ob sie nicht ein Wort der Erbauung sprechen wollten. Was Paulus nun predigte war ein Abri\u00df der Geschichte Israels und des Lebens Jesu, eine Tr\u00f6stung und eine ernste Warnung, sich dem Glauben an Christus nicht zu verschlie\u00dfen. Die Predigt machte tiefen Eindruck, denn beim Verlassen der Synagoge wurden die Apostel gebeten, doch am n\u00e4chsten Sabbat wieder zu kommen\u00a0\u00a0 und wieder zu predigen; ja, viele wollten von den Aposteln gar nicht mehr weichen und schlossen sich eng an sie an.<\/p>\n<p>Am n\u00e4chsten Sabbat aber kam eine unvorhergesehene Wendung. Fast die ganze Stadt war versammelt, darunter jedoch auch eine Schar Juden, die, eifers\u00fcchtig auf den Zustrom der Heiden und auf den Erfolg der Apostel, diesen widersprachen, so da\u00df schlie\u00dflich Paulus sagte: \u201eGut, zuerst mu\u00dfte das Wort Gottes zu euch gesprochen werden; aber weil ihr nichts von uns wissen wollt, darum wenden wir uns jetzt zu den Heiden&#8221; (<a href=\"https:\/\/www.bibleserver.com\/NLB\/Apostelgeschichte13%2C46\" class=\"bibleserver extern\" target=\"_blank\" rel=\"noopener noreferrer\">Apg 13, 46<\/a>). Er berief sich daf\u00fcr auf eine Schriftstelle, mit der auch die aufs\u00e4ssigen Juden geschlagen waren, auf das Wort, das beim Propheten Jesajas der himmlische Vater zum Erl\u00f6ser sagt: \u201eIch habe dich zum Licht der Heiden bestimmt, du sollst zum Heile dienen bis an die Grenzen der Erde&#8221; (<a href=\"https:\/\/www.bibleserver.com\/NLB\/Jesaja49%2C6\" class=\"bibleserver extern\" target=\"_blank\" rel=\"noopener noreferrer\">Jes 49, 6<\/a>).<\/p>\n<p>Dar\u00fcber herrschte nun helle Freude bei den Heiden, in Antiochia und der ganzen Umgegend. Die Juden jedoch spannen ihre schwarzen F\u00e4den weiter, streckten sich hinter bestimmte angesehene Kreise und brachten es fertig, da\u00df Paulus und Barnabas aus dem Gebiet von Antiochia vertrieben wurden. Die Christen aber, die sie bekehrt und getauft hatten, blieben da und \u201ewaren voller Freude und voll des Heiligen Geistes&#8221; (<a href=\"https:\/\/www.bibleserver.com\/NLB\/Apostelgeschichte13%2C52\" class=\"bibleserver extern\" target=\"_blank\" rel=\"noopener noreferrer\">Apg 13, 52<\/a>).<\/p>\n<p>In Ikonium, wohin Paulus und Barnabas sich nun wandten, die n\u00e4mliche Sache. In die Synagoge \u2014 viele Juden und viele Heiden werden Christen \u2014 Hetze und Ha\u00df gegen die Apostel \u2014 eine Spaltung, die einen f\u00fcr, die anderen gegen sie \u2014 Bedrohung \u2014 Flucht \u2014 und immer weiter. Der Same aber war gestreut und ging auf.<\/p>\n<p>Rasch sind die S\u00e4leute in Lystra. Allein auf ihren Fersen auch die geh\u00e4ssigen Juden von Antiochia und Ikonium, sie schleppen Paulus zur Stadt hinaus \u2014 Steine fliegen nach ihm hin, bis er zusammenbricht und wie tot liegen bleibt. Als sich das aufgehetzte Judenvolk verzogen hat, schleichen sich die J\u00fcnger Christi herbei und umringen wehklagend den Apostel. Aber siehe da! Paulus ist ja gar nicht tot \u2014 er regt sich, er steht auf, dehnt sich und streckt sich \u2014 am andern Tage reist er mit Barnabas nach Derbe und geht hier unverdrossen und als ob nichts geschehen w\u00e4re, von neuem an sein heiliges Werk.<\/p>\n<p>Wer die Karte betrachtet, denkt vielleicht: Jetzt reist Paulus in seine Heimat Tarsus und von da das Meer entlang nach Antiochia zur\u00fcck, froh, den Nachstellungen der Juden entgangen zu sein. Aber was tut der Apostel? Unbek\u00fcmmert um alles, was ihm zugef\u00fcgt worden ist und vielleicht wiederum droht, macht er in Derbe kehrt und reist nach Lystra zur\u00fcck. Er ist blo\u00df um seine Christen bek\u00fcmmert. Sie m\u00fcssen gest\u00e4rkt und gefestigt werden, sie m\u00fcssen Priester und eine kirchliche Ordnung erhalten.\u00a0 Darum zur\u00fcck nach Lystra, zur\u00fcck nach Ikonium, zur\u00fcck nach dem pisidischen Antiochia, nach Perge und erst in Attalia auf das Schiff und heim nach Antiochia. Hier ein gro\u00dfes Freudenfest. Der heilige Lukas sagt: \u201eNach ihrer Ankunft versammelten sie die Gemeinde und berichteten, welch gro\u00dfe Dinge Gott durch sie gewirkt und da\u00df er den Heiden die T\u00fcre\u00a0 des Glaubens ge\u00f6ffnet habe&#8221; (<a href=\"https:\/\/www.bibleserver.com\/NLB\/Apostelgeschichte14%2C26\" class=\"bibleserver extern\" target=\"_blank\" rel=\"noopener noreferrer\">Apg 14, 26<\/a>).<\/p>\n<p>Fortsetzung folgt im Kap. &#8220;<a href=\"http:\/\/www.projekt-kirche.de\/?p=5422\">Das Apostelkonzil<\/a>&#8220;.<\/p>\n","protected":false},"excerpt":{"rendered":"<p>Nach dem Kapitel \u201cDie Berufung des Saulus zur Heidenmission\u201d gibt es heute das siebte Kapitel aus dem Buch \u201cGeschichte der Kirche Christi\u201d von DDr. Johannes Schuck aus dem Jahr 1938 (Echter Verlag):<\/p>\n","protected":false},"author":1,"featured_media":0,"comment_status":"open","ping_status":"open","sticky":false,"template":"","format":"standard","meta":{"jetpack_post_was_ever_published":false,"_jetpack_newsletter_access":"","_jetpack_dont_email_post_to_subs":false,"_jetpack_newsletter_tier_id":0,"_jetpack_memberships_contains_paywalled_content":false,"_jetpack_memberships_contains_paid_content":false,"footnotes":""},"categories":[2],"tags":[],"class_list":["post-5417","post","type-post","status-publish","format-standard","hentry","category-allgemein"],"jetpack_featured_media_url":"","jetpack_shortlink":"https:\/\/wp.me\/p4Sdv6-1pn","jetpack_sharing_enabled":true,"_links":{"self":[{"href":"https:\/\/www.projekt-kirche.de\/index.php?rest_route=\/wp\/v2\/posts\/5417","targetHints":{"allow":["GET"]}}],"collection":[{"href":"https:\/\/www.projekt-kirche.de\/index.php?rest_route=\/wp\/v2\/posts"}],"about":[{"href":"https:\/\/www.projekt-kirche.de\/index.php?rest_route=\/wp\/v2\/types\/post"}],"author":[{"embeddable":true,"href":"https:\/\/www.projekt-kirche.de\/index.php?rest_route=\/wp\/v2\/users\/1"}],"replies":[{"embeddable":true,"href":"https:\/\/www.projekt-kirche.de\/index.php?rest_route=%2Fwp%2Fv2%2Fcomments&post=5417"}],"version-history":[{"count":4,"href":"https:\/\/www.projekt-kirche.de\/index.php?rest_route=\/wp\/v2\/posts\/5417\/revisions"}],"predecessor-version":[{"id":8588,"href":"https:\/\/www.projekt-kirche.de\/index.php?rest_route=\/wp\/v2\/posts\/5417\/revisions\/8588"}],"wp:attachment":[{"href":"https:\/\/www.projekt-kirche.de\/index.php?rest_route=%2Fwp%2Fv2%2Fmedia&parent=5417"}],"wp:term":[{"taxonomy":"category","embeddable":true,"href":"https:\/\/www.projekt-kirche.de\/index.php?rest_route=%2Fwp%2Fv2%2Fcategories&post=5417"},{"taxonomy":"post_tag","embeddable":true,"href":"https:\/\/www.projekt-kirche.de\/index.php?rest_route=%2Fwp%2Fv2%2Ftags&post=5417"}],"curies":[{"name":"wp","href":"https:\/\/api.w.org\/{rel}","templated":true}]}}