{"id":5452,"date":"2018-05-27T10:53:04","date_gmt":"2018-05-27T08:53:04","guid":{"rendered":"https:\/\/www.projekt-kirche.de\/?p=5452"},"modified":"2020-05-10T03:50:06","modified_gmt":"2020-05-10T01:50:06","slug":"nach-uns-die-sintflut","status":"publish","type":"post","link":"https:\/\/www.projekt-kirche.de\/?p=5452","title":{"rendered":"Nach uns die Sintflut?"},"content":{"rendered":"<div class=\"shariff\" data-title=\"Nach uns die Sintflut?\" data-info-url=\"http:\/\/ct.de\/-2467514\" data-backend-url=\"https:\/\/www.projekt-kirche.de\/wp-content\/plugins\/shariff-sharing\/backend\/index.php\" data-temp=\"\/tmp\" data-ttl=\"60\" data-service=\"gftr\" data-services='[\"googleplus\",\"facebook\",\"twitter\",\"reddit\",\"info\"]' data-image=\"\" data-url=\"https:\/\/www.projekt-kirche.de\/?p=5452\" data-lang=\"de\" data-theme=\"colored\" data-orientation=\"horizontal\"><\/div><p>Es ist immer wieder erstaunlich wie schlecht viele Menschen heutzutage informiert sind bzw. wie einseitig berichtet wird. So ist die Meinung weit verbreitet, dass es bereits wissenschaftlich bewiesen w\u00e4re, dass es entweder gar keine Sintflut gab oder, dass diese nur lokal begrenzt h\u00e4tte sein k\u00f6nnen.<\/p>\n<p><!--more--><\/p>\n<p>F\u00fcr alle Zweifler an den biblischen Berichten gibt es einen sehr informativen und leicht verst\u00e4ndlichen Vortrag des promovierten Physikers Dr. rer. nat. Blietz zu diesem Thema:<br \/>\n<span class=\"embed-youtube\" style=\"text-align:center; display: block;\"><iframe loading=\"lazy\" class=\"youtube-player\" width=\"629\" height=\"354\" src=\"https:\/\/www.youtube.com\/embed\/DtMXrKtjSMw?version=3&#038;rel=1&#038;showsearch=0&#038;showinfo=1&#038;iv_load_policy=1&#038;fs=1&#038;hl=de-DE&#038;autohide=2&#038;wmode=transparent\" allowfullscreen=\"true\" style=\"border:0;\" sandbox=\"allow-scripts allow-same-origin allow-popups allow-presentation allow-popups-to-escape-sandbox\"><\/iframe><\/span><br \/>\nWeitere Vortr\u00e4ge und B\u00fccher zum Thema finden sich unter Ressourcen bei <a href=\"http:\/\/www.projekt-kirche.de\/?page_id=4935\">Bibel &amp; Wissenschaft<\/a>.<\/p>\n","protected":false},"excerpt":{"rendered":"<p>Es ist immer wieder erstaunlich wie schlecht viele Menschen heutzutage informiert sind bzw. wie einseitig berichtet wird. So ist die Meinung weit verbreitet, dass es bereits wissenschaftlich bewiesen w\u00e4re, dass es entweder gar keine Sintflut gab oder, dass diese nur lokal begrenzt h\u00e4tte sein k\u00f6nnen.<\/p>\n","protected":false},"author":1,"featured_media":0,"comment_status":"open","ping_status":"open","sticky":false,"template":"","format":"standard","meta":{"jetpack_post_was_ever_published":false,"_jetpack_newsletter_access":"","_jetpack_dont_email_post_to_subs":false,"_jetpack_newsletter_tier_id":0,"_jetpack_memberships_contains_paywalled_content":false,"_jetpack_memberships_contains_paid_content":false,"footnotes":""},"categories":[2],"tags":[],"class_list":["post-5452","post","type-post","status-publish","format-standard","hentry","category-allgemein"],"jetpack_featured_media_url":"","jetpack_shortlink":"https:\/\/wp.me\/p4Sdv6-1pW","jetpack_sharing_enabled":true,"_links":{"self":[{"href":"https:\/\/www.projekt-kirche.de\/index.php?rest_route=\/wp\/v2\/posts\/5452","targetHints":{"allow":["GET"]}}],"collection":[{"href":"https:\/\/www.projekt-kirche.de\/index.php?rest_route=\/wp\/v2\/posts"}],"about":[{"href":"https:\/\/www.projekt-kirche.de\/index.php?rest_route=\/wp\/v2\/types\/post"}],"author":[{"embeddable":true,"href":"https:\/\/www.projekt-kirche.de\/index.php?rest_route=\/wp\/v2\/users\/1"}],"replies":[{"embeddable":true,"href":"https:\/\/www.projekt-kirche.de\/index.php?rest_route=%2Fwp%2Fv2%2Fcomments&post=5452"}],"version-history":[{"count":1,"href":"https:\/\/www.projekt-kirche.de\/index.php?rest_route=\/wp\/v2\/posts\/5452\/revisions"}],"predecessor-version":[{"id":6192,"href":"https:\/\/www.projekt-kirche.de\/index.php?rest_route=\/wp\/v2\/posts\/5452\/revisions\/6192"}],"wp:attachment":[{"href":"https:\/\/www.projekt-kirche.de\/index.php?rest_route=%2Fwp%2Fv2%2Fmedia&parent=5452"}],"wp:term":[{"taxonomy":"category","embeddable":true,"href":"https:\/\/www.projekt-kirche.de\/index.php?rest_route=%2Fwp%2Fv2%2Fcategories&post=5452"},{"taxonomy":"post_tag","embeddable":true,"href":"https:\/\/www.projekt-kirche.de\/index.php?rest_route=%2Fwp%2Fv2%2Ftags&post=5452"}],"curies":[{"name":"wp","href":"https:\/\/api.w.org\/{rel}","templated":true}]}}