{"id":5466,"date":"2018-05-28T18:26:56","date_gmt":"2018-05-28T16:26:56","guid":{"rendered":"http:\/\/www.projekt-kirche.de\/?p=5466"},"modified":"2020-05-08T17:01:59","modified_gmt":"2020-05-08T15:01:59","slug":"pruefung-nicht-strafe","status":"publish","type":"post","link":"https:\/\/www.projekt-kirche.de\/?p=5466","title":{"rendered":"Pr\u00fcfung nicht Strafe"},"content":{"rendered":"<div class=\"shariff\" data-title=\"Pr\u00fcfung nicht Strafe\" data-info-url=\"http:\/\/ct.de\/-2467514\" data-backend-url=\"https:\/\/www.projekt-kirche.de\/wp-content\/plugins\/shariff-sharing\/backend\/index.php\" data-temp=\"\/tmp\" data-ttl=\"60\" data-service=\"gftr\" data-services='[\"googleplus\",\"facebook\",\"twitter\",\"reddit\",\"info\"]' data-image=\"\" data-url=\"https:\/\/www.projekt-kirche.de\/?p=5466\" data-lang=\"de\" data-theme=\"colored\" data-orientation=\"horizontal\"><\/div><p>Manchmal haben wir den Eindruck, dass Gott uns durch Schwierigkeiten und Leid strafen m\u00f6chte und k\u00f6nnen das mit der Liebe Gottes nicht vereinbaren.<\/p>\n<p>Dazu gibt es eine sehr interessante Aussage in der Bibel von der gottesf\u00fcrchtigen Witwe Judith:<!--more--><\/p>\n<blockquote><p><span id=\"HL135\">Lasst uns dem Herrn, unserem Gott, danken, dass er uns ebenso pr\u00fcft wie schon unsere V\u00e4ter.<\/span> <span id=\"HL136\">Denkt daran, was er mit Abraham machte, wie er Isaak pr\u00fcfte und was Jakob im syrischen Mesopotamien erlebte, als er die Schafe Labans, des Bruders seiner Mutter, h\u00fctete.<\/span> <span id=\"HL137\">Denn wie er diese M\u00e4nner im Feuer gel\u00e4utert hat, um ihr Herz zu pr\u00fcfen, so hat er auch mit uns kein Strafgericht vor, sondern der Herr z\u00fcchtigt seine Freunde, um sie zur Einsicht zu f\u00fchren.<\/span> (<a href=\"https:\/\/www.bibleserver.com\/EU\/Judit8%2C25-27\" class=\"bibleserver extern\" target=\"_blank\" rel=\"noopener noreferrer\">Judith 8,25-27<\/a>)<\/p><\/blockquote>\n","protected":false},"excerpt":{"rendered":"<p>Manchmal haben wir den Eindruck, dass Gott uns durch Schwierigkeiten und Leid strafen m\u00f6chte und k\u00f6nnen das mit der Liebe Gottes nicht vereinbaren. Dazu gibt es eine sehr interessante Aussage in der Bibel von der gottesf\u00fcrchtigen Witwe Judith:<\/p>\n","protected":false},"author":1,"featured_media":0,"comment_status":"open","ping_status":"open","sticky":false,"template":"","format":"standard","meta":{"jetpack_post_was_ever_published":false,"_jetpack_newsletter_access":"","_jetpack_dont_email_post_to_subs":false,"_jetpack_newsletter_tier_id":0,"_jetpack_memberships_contains_paywalled_content":false,"_jetpack_memberships_contains_paid_content":false,"footnotes":""},"categories":[2],"tags":[],"class_list":["post-5466","post","type-post","status-publish","format-standard","hentry","category-allgemein"],"jetpack_featured_media_url":"","jetpack_shortlink":"https:\/\/wp.me\/p4Sdv6-1qa","jetpack_sharing_enabled":true,"_links":{"self":[{"href":"https:\/\/www.projekt-kirche.de\/index.php?rest_route=\/wp\/v2\/posts\/5466","targetHints":{"allow":["GET"]}}],"collection":[{"href":"https:\/\/www.projekt-kirche.de\/index.php?rest_route=\/wp\/v2\/posts"}],"about":[{"href":"https:\/\/www.projekt-kirche.de\/index.php?rest_route=\/wp\/v2\/types\/post"}],"author":[{"embeddable":true,"href":"https:\/\/www.projekt-kirche.de\/index.php?rest_route=\/wp\/v2\/users\/1"}],"replies":[{"embeddable":true,"href":"https:\/\/www.projekt-kirche.de\/index.php?rest_route=%2Fwp%2Fv2%2Fcomments&post=5466"}],"version-history":[{"count":3,"href":"https:\/\/www.projekt-kirche.de\/index.php?rest_route=\/wp\/v2\/posts\/5466\/revisions"}],"predecessor-version":[{"id":7984,"href":"https:\/\/www.projekt-kirche.de\/index.php?rest_route=\/wp\/v2\/posts\/5466\/revisions\/7984"}],"wp:attachment":[{"href":"https:\/\/www.projekt-kirche.de\/index.php?rest_route=%2Fwp%2Fv2%2Fmedia&parent=5466"}],"wp:term":[{"taxonomy":"category","embeddable":true,"href":"https:\/\/www.projekt-kirche.de\/index.php?rest_route=%2Fwp%2Fv2%2Fcategories&post=5466"},{"taxonomy":"post_tag","embeddable":true,"href":"https:\/\/www.projekt-kirche.de\/index.php?rest_route=%2Fwp%2Fv2%2Ftags&post=5466"}],"curies":[{"name":"wp","href":"https:\/\/api.w.org\/{rel}","templated":true}]}}