{"id":5559,"date":"2018-06-07T08:11:38","date_gmt":"2018-06-07T06:11:38","guid":{"rendered":"https:\/\/www.projekt-kirche.de\/?p=5559"},"modified":"2020-05-08T16:05:39","modified_gmt":"2020-05-08T14:05:39","slug":"die-wahrheit-verkuenden","status":"publish","type":"post","link":"https:\/\/www.projekt-kirche.de\/?p=5559","title":{"rendered":"Die Wahrheit verk\u00fcnden"},"content":{"rendered":"<div class=\"shariff\" data-title=\"Die Wahrheit verk\u00fcnden\" data-info-url=\"http:\/\/ct.de\/-2467514\" data-backend-url=\"https:\/\/www.projekt-kirche.de\/wp-content\/plugins\/shariff-sharing\/backend\/index.php\" data-temp=\"\/tmp\" data-ttl=\"60\" data-service=\"gftr\" data-services='[\"googleplus\",\"facebook\",\"twitter\",\"reddit\",\"info\"]' data-image=\"\" data-url=\"https:\/\/www.projekt-kirche.de\/?p=5559\" data-lang=\"de\" data-theme=\"colored\" data-orientation=\"horizontal\"><\/div><p>Wie wichtig es, das Evangelium von Jesus Christus zu verk\u00fcnden, die Wahrheit, die zum ewigen Heil f\u00fchrt macht Paulus in dem folgenden Brief an seinen Mitarbeiter Timotheus deutlich.<\/p>\n<p>Und diese Aufforderung gilt auch uns heute noch, jedem so wie er entsprechende Talente und F\u00e4higkeiten von Gott geschenkt bekommen hat.<\/p>\n<p><!--more--><\/p>\n<blockquote><p>Denk daran, dass Jesus Christus, der Nachkomme Davids, von den Toten auferstanden ist; so lautet mein Evangelium,<br \/>\nf\u00fcr das ich zu leiden habe und sogar wie ein Verbrecher gefesselt bin; aber das Wort Gottes ist nicht gefesselt.<br \/>\nDas alles erdulde ich um der Auserw\u00e4hlten willen, damit auch sie das Heil in Christus Jesus und die ewige Herrlichkeit erlangen.<br \/>\nDas Wort ist glaubw\u00fcrdig: Wenn wir mit Christus gestorben sind, werden wir auch mit ihm leben;<br \/>\nwenn wir standhaft bleiben, werden wir auch mit ihm herrschen; wenn wir ihn verleugnen, wird auch er uns verleugnen.<\/p><\/blockquote>\n<blockquote><p>Wenn wir untreu sind, bleibt er doch treu, denn er kann sich selbst nicht verleugnen.<br \/>\nRuf ihnen das ins Ged\u00e4chtnis und beschw\u00f6re sie bei Gott, sich nicht um Worte zu streiten; das ist unn\u00fctz und f\u00fchrt die Zuh\u00f6rer nur ins Verderben.<br \/>\nBem\u00fch dich darum, dich vor Gott zu bew\u00e4hren als ein Arbeiter, der sich nicht zu sch\u00e4men braucht, als ein Mann, der offen und klar die wahre Lehre vertritt. (Zweiter Brief des Apostels Paulus an Timotheus 2,8-15)<\/p><\/blockquote>\n","protected":false},"excerpt":{"rendered":"<p>Wie wichtig es, das Evangelium von Jesus Christus zu verk\u00fcnden, die Wahrheit, die zum ewigen Heil f\u00fchrt macht Paulus in dem folgenden Brief an seinen Mitarbeiter Timotheus deutlich. Und diese Aufforderung gilt auch uns heute noch, jedem so wie er entsprechende Talente und F\u00e4higkeiten von Gott geschenkt bekommen hat.<\/p>\n","protected":false},"author":1,"featured_media":0,"comment_status":"open","ping_status":"open","sticky":false,"template":"","format":"standard","meta":{"jetpack_post_was_ever_published":false,"_jetpack_newsletter_access":"","_jetpack_dont_email_post_to_subs":false,"_jetpack_newsletter_tier_id":0,"_jetpack_memberships_contains_paywalled_content":false,"_jetpack_memberships_contains_paid_content":false,"footnotes":""},"categories":[2],"tags":[],"class_list":["post-5559","post","type-post","status-publish","format-standard","hentry","category-allgemein"],"jetpack_featured_media_url":"","jetpack_shortlink":"https:\/\/wp.me\/p4Sdv6-1rF","jetpack_sharing_enabled":true,"_links":{"self":[{"href":"https:\/\/www.projekt-kirche.de\/index.php?rest_route=\/wp\/v2\/posts\/5559","targetHints":{"allow":["GET"]}}],"collection":[{"href":"https:\/\/www.projekt-kirche.de\/index.php?rest_route=\/wp\/v2\/posts"}],"about":[{"href":"https:\/\/www.projekt-kirche.de\/index.php?rest_route=\/wp\/v2\/types\/post"}],"author":[{"embeddable":true,"href":"https:\/\/www.projekt-kirche.de\/index.php?rest_route=\/wp\/v2\/users\/1"}],"replies":[{"embeddable":true,"href":"https:\/\/www.projekt-kirche.de\/index.php?rest_route=%2Fwp%2Fv2%2Fcomments&post=5559"}],"version-history":[{"count":1,"href":"https:\/\/www.projekt-kirche.de\/index.php?rest_route=\/wp\/v2\/posts\/5559\/revisions"}],"predecessor-version":[{"id":6426,"href":"https:\/\/www.projekt-kirche.de\/index.php?rest_route=\/wp\/v2\/posts\/5559\/revisions\/6426"}],"wp:attachment":[{"href":"https:\/\/www.projekt-kirche.de\/index.php?rest_route=%2Fwp%2Fv2%2Fmedia&parent=5559"}],"wp:term":[{"taxonomy":"category","embeddable":true,"href":"https:\/\/www.projekt-kirche.de\/index.php?rest_route=%2Fwp%2Fv2%2Fcategories&post=5559"},{"taxonomy":"post_tag","embeddable":true,"href":"https:\/\/www.projekt-kirche.de\/index.php?rest_route=%2Fwp%2Fv2%2Ftags&post=5559"}],"curies":[{"name":"wp","href":"https:\/\/api.w.org\/{rel}","templated":true}]}}