{"id":5564,"date":"2018-06-11T08:00:44","date_gmt":"2018-06-11T06:00:44","guid":{"rendered":"http:\/\/www.projekt-kirche.de\/?p=5564"},"modified":"2020-05-08T16:05:38","modified_gmt":"2020-05-08T14:05:38","slug":"wie-kann-man-gott-lieben-wenn-man-ihn-doch-nicht-sehen-kann","status":"publish","type":"post","link":"https:\/\/www.projekt-kirche.de\/?p=5564","title":{"rendered":"Wie kann man Gott lieben, wenn man ihn doch nicht sehen kann?"},"content":{"rendered":"<div class=\"shariff\" data-title=\"Wie kann man Gott lieben, wenn man ihn doch nicht sehen kann?\" data-info-url=\"http:\/\/ct.de\/-2467514\" data-backend-url=\"https:\/\/www.projekt-kirche.de\/wp-content\/plugins\/shariff-sharing\/backend\/index.php\" data-temp=\"\/tmp\" data-ttl=\"60\" data-service=\"gftr\" data-services='[\"googleplus\",\"facebook\",\"twitter\",\"reddit\",\"info\"]' data-image=\"\" data-url=\"https:\/\/www.projekt-kirche.de\/?p=5564\" data-lang=\"de\" data-theme=\"colored\" data-orientation=\"horizontal\"><\/div><p>Kann man Gott sehen? Leider nicht.<\/p>\n<p>Wie kann man dann sicher sein, dass es ihn gibt?<\/p>\n<p>Und noch dazu wie k\u00f6nnen wir Gott lieben, wenn er doch unsichtbar f\u00fcr uns ist?<\/p>\n<p>Dazu sagt Gregor der Gro\u00dfe (ca. 540-604), Papst und Kirchenlehrer:<\/p>\n<p><!--more--><\/p>\n<blockquote><p>\u201eWie kann ich jemanden lieben, den ich nicht kenne?\u201c [\u2026] Wenn wir Gott auch nicht sehen k\u00f6nnen, so haben wir doch andere M\u00f6glichkeiten, unser geistiges Auge zu ihm zu erheben. Wenn es uns auch nicht m\u00f6glich ist, ihn selbst zu sehen, so k\u00f6nnen wir ihn doch bereits jetzt in seinen Dienern wahrnehmen. Wenn wir feststellen, dass sie Wunder vollbringen, d\u00fcrfen wir gewiss sein, dass Gott in ihnen wohnt [\u2026] Wenn die Sonne in all ihrer Pracht aufgeht, kann keiner von uns auf sie schauen; denn die Augen, die sich auf ihre Strahlen richten, werden geblendet. Wir sehen aber die Berge, die von ihr angestrahlt werden, und erkennen daran, dass sie aufgegangen ist. Da wir die Sonne der Gerechtigkeit nicht selber sehen k\u00f6nnen (<a href=\"https:\/\/www.bibleserver.com\/NLB\/Maleachi3%2C20\" class=\"bibleserver extern\" target=\"_blank\" rel=\"noopener noreferrer\">Mal 3,20<\/a>), so lasst uns doch die Berge anschauen, die von ihrem Licht erleuchtet sind, n\u00e4mlich die heiligen Apostel, die durch ihre Tugenden leuchten, die durch ihre Wunder voller Leuchtkraft sind [\u2026] Die Kraft Gottes ist wie die Sonne am Himmel; die Sonnenstrahlen auf der Erde sind dann vergleichbar mit der Kraft Gottes, die in den Menschen wirkt. Die Voraussetzung aber, damit wir auf unserem irdischen Weg nicht straucheln, besteht darin, Gott und unseren N\u00e4chsten mit all unseren Kr\u00e4ften zu lieben (<a href=\"https:\/\/www.bibleserver.com\/NLB\/Matth%C3%A4us22%2C1.37-38\" class=\"bibleserver extern\" target=\"_blank\" rel=\"noopener noreferrer\">Mt 22,37f.)<\/a> [\u2026] Deshalb wurde den J\u00fcngern der Geist zweimal nacheinander gegeben: zuerst durch den Herrn auf Erden, danach durch den Herrn im Himmel (<a href=\"https:\/\/www.bibleserver.com\/NLB\/Johannes20%2C22\" class=\"bibleserver extern\" target=\"_blank\" rel=\"noopener noreferrer\">Joh 20,22<\/a>; <a href=\"https:\/\/www.bibleserver.com\/NLB\/Apostelgeschichte2%2C2\" class=\"bibleserver extern\" target=\"_blank\" rel=\"noopener noreferrer\">Apg 2,2<\/a>). Der Geist ist uns auf Erden gegeben, damit wir unseren N\u00e4chsten lieben; vom Himmel ist er uns gegeben, damit wir Gott lieben. So k\u00f6nnen wir verstehen, was Johannes sagt: \u201e[\u2026] wer seinen Bruder nicht liebt, den er sieht, kann Gott nicht lieben, den er nicht sieht\u201c (<a href=\"https:\/\/www.bibleserver.com\/NLB\/1.Johannes4%2C20\" class=\"bibleserver extern\" target=\"_blank\" rel=\"noopener noreferrer\">1 Joh 4,20<\/a>). So wollen wir, meine Br\u00fcder, unseren N\u00e4chsten lieben, den, der uns nahe ist, um f\u00e4hig zu sein, den zu lieben, der \u00fcber uns ist [\u2026] und um in Gott vollkommene Freude zusammen mit diesem unserem N\u00e4chsten erleben zu d\u00fcrfen. (Homilien \u00fcber das Evangelium, Nr. 30; PL 76,1220, zitiert aus <a href=\"https:\/\/evangeliumtagfuertag.org\/main.php?language=DE&amp;module=commentary&amp;localdate=20180611\">Evangelium Tag f\u00fcr Tag<\/a>)<\/p><\/blockquote>\n","protected":false},"excerpt":{"rendered":"<p>Kann man Gott sehen? Leider nicht. Wie kann man dann sicher sein, dass es ihn gibt? Und noch dazu wie k\u00f6nnen wir Gott lieben, wenn er doch unsichtbar f\u00fcr uns ist? Dazu sagt Gregor der Gro\u00dfe (ca. 540-604), Papst und Kirchenlehrer:<\/p>\n","protected":false},"author":1,"featured_media":0,"comment_status":"open","ping_status":"open","sticky":false,"template":"","format":"standard","meta":{"jetpack_post_was_ever_published":false,"_jetpack_newsletter_access":"","_jetpack_dont_email_post_to_subs":false,"_jetpack_newsletter_tier_id":0,"_jetpack_memberships_contains_paywalled_content":false,"_jetpack_memberships_contains_paid_content":false,"footnotes":""},"categories":[2],"tags":[],"class_list":["post-5564","post","type-post","status-publish","format-standard","hentry","category-allgemein"],"jetpack_featured_media_url":"","jetpack_shortlink":"https:\/\/wp.me\/p4Sdv6-1rK","jetpack_sharing_enabled":true,"_links":{"self":[{"href":"https:\/\/www.projekt-kirche.de\/index.php?rest_route=\/wp\/v2\/posts\/5564","targetHints":{"allow":["GET"]}}],"collection":[{"href":"https:\/\/www.projekt-kirche.de\/index.php?rest_route=\/wp\/v2\/posts"}],"about":[{"href":"https:\/\/www.projekt-kirche.de\/index.php?rest_route=\/wp\/v2\/types\/post"}],"author":[{"embeddable":true,"href":"https:\/\/www.projekt-kirche.de\/index.php?rest_route=\/wp\/v2\/users\/1"}],"replies":[{"embeddable":true,"href":"https:\/\/www.projekt-kirche.de\/index.php?rest_route=%2Fwp%2Fv2%2Fcomments&post=5564"}],"version-history":[{"count":4,"href":"https:\/\/www.projekt-kirche.de\/index.php?rest_route=\/wp\/v2\/posts\/5564\/revisions"}],"predecessor-version":[{"id":8425,"href":"https:\/\/www.projekt-kirche.de\/index.php?rest_route=\/wp\/v2\/posts\/5564\/revisions\/8425"}],"wp:attachment":[{"href":"https:\/\/www.projekt-kirche.de\/index.php?rest_route=%2Fwp%2Fv2%2Fmedia&parent=5564"}],"wp:term":[{"taxonomy":"category","embeddable":true,"href":"https:\/\/www.projekt-kirche.de\/index.php?rest_route=%2Fwp%2Fv2%2Fcategories&post=5564"},{"taxonomy":"post_tag","embeddable":true,"href":"https:\/\/www.projekt-kirche.de\/index.php?rest_route=%2Fwp%2Fv2%2Ftags&post=5564"}],"curies":[{"name":"wp","href":"https:\/\/api.w.org\/{rel}","templated":true}]}}