{"id":5573,"date":"2018-06-17T19:56:58","date_gmt":"2018-06-17T17:56:58","guid":{"rendered":"http:\/\/www.projekt-kirche.de\/?p=5573"},"modified":"2020-05-08T15:13:31","modified_gmt":"2020-05-08T13:13:31","slug":"ueber-das-reich-gottes","status":"publish","type":"post","link":"https:\/\/www.projekt-kirche.de\/?p=5573","title":{"rendered":"\u00dcber das Reich Gottes"},"content":{"rendered":"<div class=\"shariff\" data-title=\"\u00dcber das Reich Gottes\" data-info-url=\"http:\/\/ct.de\/-2467514\" data-backend-url=\"https:\/\/www.projekt-kirche.de\/wp-content\/plugins\/shariff-sharing\/backend\/index.php\" data-temp=\"\/tmp\" data-ttl=\"60\" data-service=\"gftr\" data-services='[\"googleplus\",\"facebook\",\"twitter\",\"reddit\",\"info\"]' data-image=\"\" data-url=\"https:\/\/www.projekt-kirche.de\/?p=5573\" data-lang=\"de\" data-theme=\"colored\" data-orientation=\"horizontal\"><\/div><p><img data-recalc-dims=\"1\" loading=\"lazy\" decoding=\"async\" class=\"alignnone wp-image-5575 size-full\" src=\"https:\/\/i0.wp.com\/www.projekt-kirche.de\/wp-content\/uploads\/2018\/06\/pexels-photo-1072824.jpeg?resize=629%2C419\" width=\"629\" height=\"419\" srcset=\"https:\/\/i0.wp.com\/www.projekt-kirche.de\/wp-content\/uploads\/2018\/06\/pexels-photo-1072824.jpeg?w=1880&amp;ssl=1 1880w, https:\/\/i0.wp.com\/www.projekt-kirche.de\/wp-content\/uploads\/2018\/06\/pexels-photo-1072824.jpeg?resize=300%2C200&amp;ssl=1 300w, https:\/\/i0.wp.com\/www.projekt-kirche.de\/wp-content\/uploads\/2018\/06\/pexels-photo-1072824.jpeg?resize=768%2C512&amp;ssl=1 768w, https:\/\/i0.wp.com\/www.projekt-kirche.de\/wp-content\/uploads\/2018\/06\/pexels-photo-1072824.jpeg?resize=1024%2C682&amp;ssl=1 1024w, https:\/\/i0.wp.com\/www.projekt-kirche.de\/wp-content\/uploads\/2018\/06\/pexels-photo-1072824.jpeg?resize=900%2C600&amp;ssl=1 900w, https:\/\/i0.wp.com\/www.projekt-kirche.de\/wp-content\/uploads\/2018\/06\/pexels-photo-1072824.jpeg?resize=1280%2C853&amp;ssl=1 1280w\" sizes=\"auto, (max-width: 629px) 100vw, 629px\" \/><\/p>\n<p>Heute hat unser Pfarrer eine richtig gute Predigt \u00fcber das Gleichnis vom Senfkorn (<a href=\"https:\/\/www.bibleserver.com\/NLB\/Markus4%2C26-34\" class=\"bibleserver extern\" target=\"_blank\" rel=\"noopener noreferrer\">Mk 4,26-34<\/a>) gehalten. Ich m\u00f6chte sie im Folgenden in eigenen Worten (und teilweise durch eigene Gedanken erg\u00e4nzt) wiedergeben.<\/p>\n<p><!--more--><\/p>\n<p>Jesus vergleicht das Reich Gottes mit einem Senfkorn, dem damals wohl kleinsten zum S\u00e4aen verwendete Samen. Was ist nun das Reich Gottes und warum erkl\u00e4rt Jesus das anhand eines kleinen Samenkorns?<\/p>\n<p>Warum benutzte Jesus \u00fcberhaupt Gleichnisse statt die Dinge direkt zu erkl\u00e4ren? Denn im Gegensatz zu oft behaupteten Ansicht, erschwert ein Gleichnis doch eher das Verst\u00e4ndnis als das es dieses vereinfacht.<\/p>\n<p>Ich denke, dass Jesus immer dann Gleichnisse verwendet, wenn er wichtige geistliche Dinge erl\u00e4utern m\u00f6chte. Dinge, \u00fcber die man sich tiefe Gedanken machen sollte.<\/p>\n<p>Ein Samenkorn hat ja die besondere Eigenschaft, das es aus eigener Kraft wachsen kann. Nat\u00fcrlich ist ein geeigneter Boden erforderlich, aber der Antrieb zum Wachsen und auch die Gestalt und Art der Pflanze wird durch den Samen selbst bestimmt.<\/p>\n<p>Das Reich Gottes wird nun mit einem kleinen Samenkorn verglichen. Damit ist in erster Linie Jesus selbst gemeint. Er hat sich ja selbst schon einmal, zumindest indirekt, mit einem Samenkorn verglichen, mit einem Samenkorn, das Sterben muss, um Frucht zu bringen (<a href=\"https:\/\/www.bibleserver.com\/NLB\/Johannes12%2C24\" class=\"bibleserver extern\" target=\"_blank\" rel=\"noopener noreferrer\">Joh 12,24<\/a>).<\/p>\n<p>Das Reich Gottes ist anf\u00e4nglich (nur) Jesus selbst. Jesus mit seinem Leben und seiner Lehre, aus dem dann ein gro\u00dfer Baum heranw\u00e4chst. Ein Baum, auf dem die V\u00f6gel des Himmels, damit meint er die Christen, nisten k\u00f6nnen.<\/p>\n<p>Am Anfang ist noch nicht klar, dass aus diesem kleinen Samen, diesem kleinen Anfang ein weltumspannendes Reich entstehen wird. Und dieses Reich Gottes verwirklicht sich in der Kirche.<\/p>\n<p>Dieses Reich, was nicht von dieser Welt, sondern von Gott ist, muss auch heute noch verk\u00fcndet werden. Durch die Kirche, die wir alle sind, die wir Jesus nachfolgen.<\/p>\n<p>Oh Heiliger Geist, schenke uns den Mut, die Kraft und die Liebe, Botschafter Deines Reiches zu sein.<\/p>\n","protected":false},"excerpt":{"rendered":"<p>Heute hat unser Pfarrer eine richtig gute Predigt \u00fcber das Gleichnis vom Senfkorn (Mk 4,26-34) gehalten. Ich m\u00f6chte sie im Folgenden in eigenen Worten (und teilweise durch eigene Gedanken erg\u00e4nzt) wiedergeben.<\/p>\n","protected":false},"author":1,"featured_media":0,"comment_status":"open","ping_status":"open","sticky":false,"template":"","format":"standard","meta":{"jetpack_post_was_ever_published":false,"_jetpack_newsletter_access":"","_jetpack_dont_email_post_to_subs":false,"_jetpack_newsletter_tier_id":0,"_jetpack_memberships_contains_paywalled_content":false,"_jetpack_memberships_contains_paid_content":false,"footnotes":""},"categories":[2],"tags":[],"class_list":["post-5573","post","type-post","status-publish","format-standard","hentry","category-allgemein"],"jetpack_featured_media_url":"","jetpack_shortlink":"https:\/\/wp.me\/p4Sdv6-1rT","jetpack_sharing_enabled":true,"_links":{"self":[{"href":"https:\/\/www.projekt-kirche.de\/index.php?rest_route=\/wp\/v2\/posts\/5573","targetHints":{"allow":["GET"]}}],"collection":[{"href":"https:\/\/www.projekt-kirche.de\/index.php?rest_route=\/wp\/v2\/posts"}],"about":[{"href":"https:\/\/www.projekt-kirche.de\/index.php?rest_route=\/wp\/v2\/types\/post"}],"author":[{"embeddable":true,"href":"https:\/\/www.projekt-kirche.de\/index.php?rest_route=\/wp\/v2\/users\/1"}],"replies":[{"embeddable":true,"href":"https:\/\/www.projekt-kirche.de\/index.php?rest_route=%2Fwp%2Fv2%2Fcomments&post=5573"}],"version-history":[{"count":4,"href":"https:\/\/www.projekt-kirche.de\/index.php?rest_route=\/wp\/v2\/posts\/5573\/revisions"}],"predecessor-version":[{"id":8407,"href":"https:\/\/www.projekt-kirche.de\/index.php?rest_route=\/wp\/v2\/posts\/5573\/revisions\/8407"}],"wp:attachment":[{"href":"https:\/\/www.projekt-kirche.de\/index.php?rest_route=%2Fwp%2Fv2%2Fmedia&parent=5573"}],"wp:term":[{"taxonomy":"category","embeddable":true,"href":"https:\/\/www.projekt-kirche.de\/index.php?rest_route=%2Fwp%2Fv2%2Fcategories&post=5573"},{"taxonomy":"post_tag","embeddable":true,"href":"https:\/\/www.projekt-kirche.de\/index.php?rest_route=%2Fwp%2Fv2%2Ftags&post=5573"}],"curies":[{"name":"wp","href":"https:\/\/api.w.org\/{rel}","templated":true}]}}