{"id":5619,"date":"2018-07-13T08:17:52","date_gmt":"2018-07-13T06:17:52","guid":{"rendered":"http:\/\/www.projekt-kirche.de\/?p=5619"},"modified":"2020-05-08T20:36:56","modified_gmt":"2020-05-08T18:36:56","slug":"ueber-die-klugheit","status":"publish","type":"post","link":"https:\/\/www.projekt-kirche.de\/?p=5619","title":{"rendered":"\u00dcber die Klugheit"},"content":{"rendered":"<div class=\"shariff\" data-title=\"\u00dcber die Klugheit\" data-info-url=\"http:\/\/ct.de\/-2467514\" data-backend-url=\"https:\/\/www.projekt-kirche.de\/wp-content\/plugins\/shariff-sharing\/backend\/index.php\" data-temp=\"\/tmp\" data-ttl=\"60\" data-service=\"gftr\" data-services='[\"googleplus\",\"facebook\",\"twitter\",\"reddit\",\"info\"]' data-image=\"\" data-url=\"https:\/\/www.projekt-kirche.de\/?p=5619\" data-lang=\"de\" data-theme=\"colored\" data-orientation=\"horizontal\"><\/div><p>Papst Johannes XXIII. (1881-1963) schreibt in seinem geistlichen Tagebuch sehr weise (und auch herausfordernd) \u00fcber die (christliche) Klugheit.<\/p>\n<p>Er spielt da wohl an den Ausspruch von Jesus an, der sagte &#8220;Seht, ich sende euch wie Schafe mitten unter die W\u00f6lfe; seid daher klug wie die Schlangen und arglos wie die Tauben!&#8221; (<a href=\"https:\/\/www.bibleserver.com\/NLB\/Matth%C3%A4us10%2C16\" class=\"bibleserver extern\" target=\"_blank\" rel=\"noopener noreferrer\">Mt 10,16<\/a>).<\/p>\n<p>Auch wenn ich weit von dieser Klugheit entfernt bin, so m\u00f6chte ich sie mir zumindest als Ziel vornehmen.<\/p>\n<p><!--more--><\/p>\n<blockquote><p>Alle mit Achtung, Klugheit und evangelischer Einfachheit behandeln. Man glaubt gew\u00f6hnlich und h\u00e4lt es f\u00fcr richtig, dass selbst die allt\u00e4gliche Redeweise des Papstes voll von Geheimnis und Tiefsinn sei. Dem Beispiel Jesu ist aber viel n\u00e4her eine gewinnende Einfachheit, die Hand in Hand geht mit der Klugheit der Weisen und Heiligen, denen Gott beisteht. Die Einfachheit mag bei den \u00dcberklugen wenn nicht gerade Verachtung, so aber doch geringes Ansehen finden. Darauf kommt es nicht an, nach den \u00dcberklugen soll man sich nicht richten, auch wenn sie einen durch ihr Urteil oder ihr Benehmen dem\u00fctigend behandeln: alles wendet sich zu ihrem Schaden und ihrer Verwirrung. Der \u201eRechtschaffene, Schlichte und Gottesf\u00fcrchtige\u201c ist immer der W\u00fcrdigere und St\u00e4rkere. Nat\u00fcrlich immer unterst\u00fctzt durch weise und liebensw\u00fcrdige Klugheit. Derjenige ist einfach, der sich nicht sch\u00e4mt, das Evangelium zu bekennen, auch vor Menschen, die es als Schw\u00e4che oder als Kinderei ansehen, es zu bekennen in seinem vollen Umfang, wo auch immer und in Gegenwart aller; derjenige ist einfach, der sich von niemand t\u00e4uschen oder beeinflussen l\u00e4sst, der die Seelenruhe nicht verliert, ganz gleich, wie die anderen sich gegen ihn benehmen. Klug ist, wer einen Teil der Wahrheit, die zu betonen unangebracht w\u00e4re, zu verschweigen wei\u00df und damit den Teil der Wahrheit, den er sagt, nicht verdirbt, nicht verf\u00e4lscht; klug ist, wer das Begonnene zu einem guten Ende bringt, da er die wirksamsten Mittel beim Wollen und Tun w\u00e4hlt; [&#8230;] wer in jeder Sache das Wesentliche erkennt und sich zum Nebens\u00e4chlichen nicht hinhalten l\u00e4sst [&#8230;]; wer von Beginn an bei all diesem den guten Ausgang allein von Gott erhofft, auf den er vertraut [&#8230;] Die Einfachheit hat nichts, was der Klugheit widerspricht, noch auch umgekehrt. die Einfachheit ist Liebe, die Klugheit ist Denken. Die Liebe betet, der Verstand wacht. \u201eWachet und betet\u201c (<a href=\"https:\/\/www.bibleserver.com\/NLB\/Matth%C3%A4us26%2C41\" class=\"bibleserver extern\" target=\"_blank\" rel=\"noopener noreferrer\">Mt 26,41<\/a>) Ein vollkommener Einklang! Die Liebe ist der Taube gleich, die t\u00e4tige Intelligenz gleicht der Schlange, die nie zur Erde f\u00e4llt noch anst\u00f6\u00dft, weil sie mit ihrem Kopf alle Unebenheiten ihres Weges ertastet (Geistliches Tagebuch, Sonntag 13 August 1961 (\u00dcbers. Herder Verlag, Freiburg 1964, S. 333-334, zitiert aus <a href=\"https:\/\/evangeliumtagfuertag.org\/\">Evangelium Tag f\u00fcr Tag<\/a>)<\/p><\/blockquote>\n","protected":false},"excerpt":{"rendered":"<p>Papst Johannes XXIII. (1881-1963) schreibt in seinem geistlichen Tagebuch sehr weise (und auch herausfordernd) \u00fcber die (christliche) Klugheit. Er spielt da wohl an den Ausspruch von Jesus an, der sagte &#8220;Seht, ich sende euch wie Schafe mitten unter die W\u00f6lfe; seid daher klug wie die Schlangen und arglos wie die Tauben!&#8221; (Mt 10,16). Auch wenn [&hellip;]<\/p>\n","protected":false},"author":1,"featured_media":0,"comment_status":"open","ping_status":"open","sticky":false,"template":"","format":"standard","meta":{"jetpack_post_was_ever_published":false,"_jetpack_newsletter_access":"","_jetpack_dont_email_post_to_subs":false,"_jetpack_newsletter_tier_id":0,"_jetpack_memberships_contains_paywalled_content":false,"_jetpack_memberships_contains_paid_content":false,"footnotes":""},"categories":[2],"tags":[],"class_list":["post-5619","post","type-post","status-publish","format-standard","hentry","category-allgemein"],"jetpack_featured_media_url":"","jetpack_shortlink":"https:\/\/wp.me\/p4Sdv6-1sD","jetpack_sharing_enabled":true,"_links":{"self":[{"href":"https:\/\/www.projekt-kirche.de\/index.php?rest_route=\/wp\/v2\/posts\/5619","targetHints":{"allow":["GET"]}}],"collection":[{"href":"https:\/\/www.projekt-kirche.de\/index.php?rest_route=\/wp\/v2\/posts"}],"about":[{"href":"https:\/\/www.projekt-kirche.de\/index.php?rest_route=\/wp\/v2\/types\/post"}],"author":[{"embeddable":true,"href":"https:\/\/www.projekt-kirche.de\/index.php?rest_route=\/wp\/v2\/users\/1"}],"replies":[{"embeddable":true,"href":"https:\/\/www.projekt-kirche.de\/index.php?rest_route=%2Fwp%2Fv2%2Fcomments&post=5619"}],"version-history":[{"count":5,"href":"https:\/\/www.projekt-kirche.de\/index.php?rest_route=\/wp\/v2\/posts\/5619\/revisions"}],"predecessor-version":[{"id":8515,"href":"https:\/\/www.projekt-kirche.de\/index.php?rest_route=\/wp\/v2\/posts\/5619\/revisions\/8515"}],"wp:attachment":[{"href":"https:\/\/www.projekt-kirche.de\/index.php?rest_route=%2Fwp%2Fv2%2Fmedia&parent=5619"}],"wp:term":[{"taxonomy":"category","embeddable":true,"href":"https:\/\/www.projekt-kirche.de\/index.php?rest_route=%2Fwp%2Fv2%2Fcategories&post=5619"},{"taxonomy":"post_tag","embeddable":true,"href":"https:\/\/www.projekt-kirche.de\/index.php?rest_route=%2Fwp%2Fv2%2Ftags&post=5619"}],"curies":[{"name":"wp","href":"https:\/\/api.w.org\/{rel}","templated":true}]}}