{"id":5654,"date":"2018-07-15T19:22:17","date_gmt":"2018-07-15T19:22:17","guid":{"rendered":"http:\/\/www.projekt-kirche.de\/?p=5654"},"modified":"2020-05-08T20:36:55","modified_gmt":"2020-05-08T18:36:55","slug":"die-ganze-welt-retten","status":"publish","type":"post","link":"https:\/\/www.projekt-kirche.de\/?p=5654","title":{"rendered":"Die ganze Welt retten"},"content":{"rendered":"<div class=\"shariff\" data-title=\"Die ganze Welt retten\" data-info-url=\"http:\/\/ct.de\/-2467514\" data-backend-url=\"https:\/\/www.projekt-kirche.de\/wp-content\/plugins\/shariff-sharing\/backend\/index.php\" data-temp=\"\/tmp\" data-ttl=\"60\" data-service=\"gftr\" data-services='[\"googleplus\",\"facebook\",\"twitter\",\"reddit\",\"info\"]' data-image=\"\" data-url=\"https:\/\/www.projekt-kirche.de\/?p=5654\" data-lang=\"de\" data-theme=\"colored\" data-orientation=\"horizontal\"><\/div><p>M\u00fcssen wir eigentlich die ganze Welt retten? Vor allem wir Christen? Ja, aber vor allem bzgl. des Seelenheils. Daneben jedoch auch um alle Arten von Krankheiten zu heilen (<a href=\"https:\/\/www.bibleserver.com\/NLB\/Markus6%2C7-13\" class=\"bibleserver extern\" target=\"_blank\" rel=\"noopener noreferrer\">Mk 6,7-13<\/a>)<\/p>\n<p><!--more--><\/p>\n<p>Dazu schreibt Cyrill von Alexandria (380 \u2013 444), Bischof und Kirchenlehrer in seinem Kommentar zum <a href=\"https:\/\/www.bibleserver.com\/NLB\/Johannes12%2C1\" class=\"bibleserver extern\" target=\"_blank\" rel=\"noopener noreferrer\">Johannesevangelium 12,1<\/a> sehr treffend:<\/p>\n<blockquote><p>Unser Herr Jesus Christus hat f\u00fcr die ganze Welt F\u00fchrer und Lehrer eingesetzt und \u201eVerwalter von Geheimnissen Gottes\u201c (<a href=\"https:\/\/www.bibleserver.com\/NLB\/1.Korinther4%2C1\" class=\"bibleserver extern\" target=\"_blank\" rel=\"noopener noreferrer\">1 Kor 4,1<\/a>) eingesetzt. Er hat ihnen geboten, ihr (Glaubens-)Licht zu verbreiten und wie Fackeln nicht nur im Land der Juden aufzustrahlen [&#8230;], sondern \u00fcberall, zum Wohl aller Menschen auf der ganzen Erde (vgl. <a href=\"https:\/\/www.bibleserver.com\/NLB\/Matth%C3%A4us5%2C14\" class=\"bibleserver extern\" target=\"_blank\" rel=\"noopener noreferrer\">Mt 5,14<\/a>). [&#8230;] Er wollte seine J\u00fcnger aussenden, so wie er selbst vom Vater gesandt worden war (<a href=\"https:\/\/www.bibleserver.com\/NLB\/Johannes20%2C21\" class=\"bibleserver extern\" target=\"_blank\" rel=\"noopener noreferrer\">Joh 20,21<\/a>); die also ausersehen waren, ihm nachzufolgen, mussten deshalb erfassen, mit welcher Aufgabe der Vater Seinen eingeborenen Sohn beauftragt hatte. Er selbst hat uns immer wieder aufs Neue die Art seiner Sendung erkl\u00e4rt. So sagte er einmal: \u201eIch bin nicht gekommen, um Gerechte, sondern S\u00fcnder zur Umkehr zu rufen\u201c (<a href=\"https:\/\/www.bibleserver.com\/NLB\/Lukas5%2C32\" class=\"bibleserver extern\" target=\"_blank\" rel=\"noopener noreferrer\">Lk 5,32<\/a>). Ein anderes Mal: \u201eich bin nicht vom Himmel herabgekommen, um meinen Willen zu tun, sondern den Willen dessen, der mich gesandt hat\u201c (<a href=\"https:\/\/www.bibleserver.com\/NLB\/Johannes6%2C38\" class=\"bibleserver extern\" target=\"_blank\" rel=\"noopener noreferrer\">Joh 6,38<\/a>). Und wieder ein anderes Mal: \u201eDenn Gott hat seinen Sohn nicht in die Welt gesandt, damit er die Welt richtet, sondern damit die Welt durch ihn gerettet wird\u201c (<a href=\"https:\/\/www.bibleserver.com\/NLB\/Johannes3%2C17\" class=\"bibleserver extern\" target=\"_blank\" rel=\"noopener noreferrer\">Joh 3,17<\/a>). Indem er ihnen sagte, dass er sie sende, wie sein Vater ihn gesandt habe, fasste er in wenigen Worten die Rolle der Apostel zusammen. Somit wussten sie, dass sie die S\u00fcnder zur Umkehr zu rufen, die Kranken k\u00f6rperlich und seelisch zu heilen h\u00e4tten. In ihrer Funktion als Verwalter, h\u00e4tten sie in keiner Weise ihren eigenen Willen durchzusetzen, vielmehr allein den Willen dessen, der sie gesandt hat, auszuf\u00fchren, und schlie\u00dflich die ganze Welt zu retten, in dem Ma\u00dfe, wie sie die Lehren des Herrn aufnimmt. (zitiert aus <a href=\"https:\/\/evangeliumtagfuertag.org\/DE\/gospel\">Evangelium Tag f\u00fcr Tag<\/a>)<\/p><\/blockquote>\n","protected":false},"excerpt":{"rendered":"<p>M\u00fcssen wir eigentlich die ganze Welt retten? Vor allem wir Christen? Ja, aber vor allem bzgl. des Seelenheils. Daneben jedoch auch um alle Arten von Krankheiten zu heilen (Mk 6,7-13)<\/p>\n","protected":false},"author":1,"featured_media":6658,"comment_status":"open","ping_status":"open","sticky":false,"template":"","format":"standard","meta":{"jetpack_post_was_ever_published":false,"_jetpack_newsletter_access":"","_jetpack_dont_email_post_to_subs":false,"_jetpack_newsletter_tier_id":0,"_jetpack_memberships_contains_paywalled_content":false,"_jetpack_memberships_contains_paid_content":false,"footnotes":""},"categories":[2],"tags":[],"class_list":["post-5654","post","type-post","status-publish","format-standard","has-post-thumbnail","hentry","category-allgemein"],"jetpack_featured_media_url":"https:\/\/i0.wp.com\/www.projekt-kirche.de\/wp-content\/uploads\/2018\/12\/pexels-photo-335393.jpeg?fit=1880%2C1253&ssl=1","jetpack_shortlink":"https:\/\/wp.me\/p4Sdv6-1tc","jetpack_sharing_enabled":true,"_links":{"self":[{"href":"https:\/\/www.projekt-kirche.de\/index.php?rest_route=\/wp\/v2\/posts\/5654","targetHints":{"allow":["GET"]}}],"collection":[{"href":"https:\/\/www.projekt-kirche.de\/index.php?rest_route=\/wp\/v2\/posts"}],"about":[{"href":"https:\/\/www.projekt-kirche.de\/index.php?rest_route=\/wp\/v2\/types\/post"}],"author":[{"embeddable":true,"href":"https:\/\/www.projekt-kirche.de\/index.php?rest_route=\/wp\/v2\/users\/1"}],"replies":[{"embeddable":true,"href":"https:\/\/www.projekt-kirche.de\/index.php?rest_route=%2Fwp%2Fv2%2Fcomments&post=5654"}],"version-history":[{"count":4,"href":"https:\/\/www.projekt-kirche.de\/index.php?rest_route=\/wp\/v2\/posts\/5654\/revisions"}],"predecessor-version":[{"id":8514,"href":"https:\/\/www.projekt-kirche.de\/index.php?rest_route=\/wp\/v2\/posts\/5654\/revisions\/8514"}],"wp:featuredmedia":[{"embeddable":true,"href":"https:\/\/www.projekt-kirche.de\/index.php?rest_route=\/wp\/v2\/media\/6658"}],"wp:attachment":[{"href":"https:\/\/www.projekt-kirche.de\/index.php?rest_route=%2Fwp%2Fv2%2Fmedia&parent=5654"}],"wp:term":[{"taxonomy":"category","embeddable":true,"href":"https:\/\/www.projekt-kirche.de\/index.php?rest_route=%2Fwp%2Fv2%2Fcategories&post=5654"},{"taxonomy":"post_tag","embeddable":true,"href":"https:\/\/www.projekt-kirche.de\/index.php?rest_route=%2Fwp%2Fv2%2Ftags&post=5654"}],"curies":[{"name":"wp","href":"https:\/\/api.w.org\/{rel}","templated":true}]}}