{"id":5667,"date":"2018-07-18T08:11:47","date_gmt":"2018-07-18T06:11:47","guid":{"rendered":"http:\/\/www.projekt-kirche.de\/?p=5667"},"modified":"2020-05-08T17:37:04","modified_gmt":"2020-05-08T15:37:04","slug":"ueber-die-schlichtheit-und-die-wissenschaften","status":"publish","type":"post","link":"https:\/\/www.projekt-kirche.de\/?p=5667","title":{"rendered":"\u00dcber die Schlichtheit und die Wissenschaften"},"content":{"rendered":"<div class=\"shariff\" data-title=\"\u00dcber die Schlichtheit und die Wissenschaften\" data-info-url=\"http:\/\/ct.de\/-2467514\" data-backend-url=\"https:\/\/www.projekt-kirche.de\/wp-content\/plugins\/shariff-sharing\/backend\/index.php\" data-temp=\"\/tmp\" data-ttl=\"60\" data-service=\"gftr\" data-services='[\"googleplus\",\"facebook\",\"twitter\",\"reddit\",\"info\"]' data-image=\"\" data-url=\"https:\/\/www.projekt-kirche.de\/?p=5667\" data-lang=\"de\" data-theme=\"colored\" data-orientation=\"horizontal\"><\/div><p>Ach wie sch\u00f6n ist es, dass Gott (auch oder gerade) die einfachen Menschen mag und sich ihnen offenbart!<\/p>\n<p>Gebildet und klug zu sein ist gut, noch besser aber (auch) gl\u00e4ubig zu sein.<\/p>\n<p>Wie sehr denken wir, dass unsere eigene Klugheit und die modernen Wissenschaften alle Probleme der Welt l\u00f6sen oder zumindest erkl\u00e4ren k\u00f6nnten. Und wie dumm zu denken, dass dem tats\u00e4chlich so ist!<\/p>\n<p><!--more--><\/p>\n<p>Vinzenz von Paul (1581-1660), Priester, Ordensgr\u00fcnder bringt es auf den Punkt, wenn er schreibt:<\/p>\n<blockquote><p>Schlichtheit ist Gott so willkommen! Wie ihr wisst, sagt die Schrift, dass es Gottes Freude ist, mit schlichten Menschen zu reden, mit solchen, die schlichten Herzens sind, die ein gutes, schlichtes Leben f\u00fchren. \u201eDie Redlichen sind seine Freunde\u201c (<a href=\"https:\/\/www.bibleserver.com\/NLB\/Spr%C3%BCche3%2C32\" class=\"bibleserver extern\" target=\"_blank\" rel=\"noopener noreferrer\">Spr 3,32<\/a>). Wollt ihr Gott finden? Er spricht mit den schlichten Menschen. O mein Retter! Ihr Freunde, die ihr das Verlangen nach Schlichtheit versp\u00fcrt \u2013 welches Gl\u00fcck, welches Gl\u00fcck! Nur Mut! Euch gilt ja die Zusage, dass es die Freude Gottes ist, bei schlichten Menschen zu sein. Etwas anderes noch legt uns die Schlichtheit wunderbar ans Herz. Es ist das Wort Gottes: \u201eIch preise dich, Vater [&#8230;], weil du das vor den Weisen und Klugen verborgen und es den Unm\u00fcndigen offenbart hast.\u201c Vater, ich erkenne und danke dir, dass die Lehre, die ich von deiner g\u00f6ttlichen Majest\u00e4t empfangen habe und die ich unter die Leute bringe, nur den Schlichten vertraut ist und dass Du es zul\u00e4sst, dass die Weisen der Welt sie nicht verstehen. Du hast ihnen, wenn nicht die Worte, so doch den Geist verborgen. O Retter! O mein Gott! Das muss uns erschrecken. Wir laufen den Wissenschaften hinterher, als hinge unser ganzes Gl\u00fcck von ihnen ab. Wehe uns, wenn wir sie nicht h\u00e4tten! Man muss ihnen gegen\u00fcber durchaus offen sein, aber mit Ma\u00dfen. Es ist n\u00f6tig, Wissen zu erwerben, aber das n\u00fcchtern und besonnen. Daneben gibt es Leute, die f\u00fcr sich in Anspruch nehmen, gewiefte Gesch\u00e4ftsleute zu sein oder wollen als Unternehmer und Gro\u00dfkaufleute gelten. Solchen Menschen verwehrt es Gott, in die christlichen Wahrheiten einzudringen: den klugen Kindern der Welt. Wem nun gibt er das Verst\u00e4ndnis daf\u00fcr? Dem einfachen Volk, den braven Leuten [&#8230;] Meine Herren, die wahre Religion findet man bei den Armen. Gott macht sie reich durch einen lebendigen Glauben. Sie glauben den Worten des Lebens, sie fassen sie an, sie kosten sie [&#8230;] F\u00fcr gew\u00f6hnlich bewahren sie ihren Frieden in Zeiten der Unruhe und des Leids. Und was ist der Grund hierf\u00fcr? Der Glaube. Warum? Weil sie schlicht sind. Gott schenkt ihnen \u00fcberreiche Gnaden, die er den Reichen und Klugen der Welt verwehrt. (in &#8220;Geistliche Gespr\u00e4che&#8221; , Konferenz vom 21.03.1659, zitiert aus <a href=\"https:\/\/evangeliumtagfuertag.org\/DE\/gospel\">Evangelium Tag f\u00fcr Tag<\/a>).<\/p><\/blockquote>\n","protected":false},"excerpt":{"rendered":"<p>Ach wie sch\u00f6n ist es, dass Gott (auch oder gerade) die einfachen Menschen mag und sich ihnen offenbart! Gebildet und klug zu sein ist gut, noch besser aber (auch) gl\u00e4ubig zu sein. Wie sehr denken wir, dass unsere eigene Klugheit und die modernen Wissenschaften alle Probleme der Welt l\u00f6sen oder zumindest erkl\u00e4ren k\u00f6nnten. Und wie [&hellip;]<\/p>\n","protected":false},"author":1,"featured_media":0,"comment_status":"open","ping_status":"open","sticky":false,"template":"","format":"standard","meta":{"jetpack_post_was_ever_published":false,"_jetpack_newsletter_access":"","_jetpack_dont_email_post_to_subs":false,"_jetpack_newsletter_tier_id":0,"_jetpack_memberships_contains_paywalled_content":false,"_jetpack_memberships_contains_paid_content":false,"footnotes":""},"categories":[2],"tags":[],"class_list":["post-5667","post","type-post","status-publish","format-standard","hentry","category-allgemein"],"jetpack_featured_media_url":"","jetpack_shortlink":"https:\/\/wp.me\/p4Sdv6-1tp","jetpack_sharing_enabled":true,"_links":{"self":[{"href":"https:\/\/www.projekt-kirche.de\/index.php?rest_route=\/wp\/v2\/posts\/5667","targetHints":{"allow":["GET"]}}],"collection":[{"href":"https:\/\/www.projekt-kirche.de\/index.php?rest_route=\/wp\/v2\/posts"}],"about":[{"href":"https:\/\/www.projekt-kirche.de\/index.php?rest_route=\/wp\/v2\/types\/post"}],"author":[{"embeddable":true,"href":"https:\/\/www.projekt-kirche.de\/index.php?rest_route=\/wp\/v2\/users\/1"}],"replies":[{"embeddable":true,"href":"https:\/\/www.projekt-kirche.de\/index.php?rest_route=%2Fwp%2Fv2%2Fcomments&post=5667"}],"version-history":[{"count":4,"href":"https:\/\/www.projekt-kirche.de\/index.php?rest_route=\/wp\/v2\/posts\/5667\/revisions"}],"predecessor-version":[{"id":8461,"href":"https:\/\/www.projekt-kirche.de\/index.php?rest_route=\/wp\/v2\/posts\/5667\/revisions\/8461"}],"wp:attachment":[{"href":"https:\/\/www.projekt-kirche.de\/index.php?rest_route=%2Fwp%2Fv2%2Fmedia&parent=5667"}],"wp:term":[{"taxonomy":"category","embeddable":true,"href":"https:\/\/www.projekt-kirche.de\/index.php?rest_route=%2Fwp%2Fv2%2Fcategories&post=5667"},{"taxonomy":"post_tag","embeddable":true,"href":"https:\/\/www.projekt-kirche.de\/index.php?rest_route=%2Fwp%2Fv2%2Ftags&post=5667"}],"curies":[{"name":"wp","href":"https:\/\/api.w.org\/{rel}","templated":true}]}}