{"id":5670,"date":"2018-07-21T07:33:00","date_gmt":"2018-07-21T05:33:00","guid":{"rendered":"http:\/\/www.projekt-kirche.de\/?p=5670"},"modified":"2020-05-08T20:36:54","modified_gmt":"2020-05-08T18:36:54","slug":"depressionen-heilung-und-die-liebe-gottes","status":"publish","type":"post","link":"https:\/\/www.projekt-kirche.de\/?p=5670","title":{"rendered":"Depressionen, Heilung und die Liebe Gottes"},"content":{"rendered":"<div class=\"shariff\" data-title=\"Depressionen, Heilung und die Liebe Gottes\" data-info-url=\"http:\/\/ct.de\/-2467514\" data-backend-url=\"https:\/\/www.projekt-kirche.de\/wp-content\/plugins\/shariff-sharing\/backend\/index.php\" data-temp=\"\/tmp\" data-ttl=\"60\" data-service=\"gftr\" data-services='[\"googleplus\",\"facebook\",\"twitter\",\"reddit\",\"info\"]' data-image=\"\" data-url=\"https:\/\/www.projekt-kirche.de\/?p=5670\" data-lang=\"de\" data-theme=\"colored\" data-orientation=\"horizontal\"><\/div><p>Das hier ist eine sehr pers\u00f6nliche Geschichte. Versuche sie als deine eigene Geschichte zu lesen. Vielleicht schenkt Gott auch dir Heilung. Ich w\u00fcnsche es dir von Herzen!<\/p>\n<p><!--more--><\/p>\n<div>\n<p>Heute fr\u00fch morgens habe ich es ganz klar verstanden, warum ich krank und depressiv bin. Ich f\u00fchle mich nicht geliebt. Ich f\u00fchle mich wertlos. Ich will lieber sterben als innerlich zu leiden.<\/p>\n<\/div>\n<div>\n<p>Meine Depressionen werden in der Regel dadurch ausgel\u00f6st, dass ich mich abgelehnt f\u00fchle. Wenn mich jemand \u00fcbervorteilt. Wenn mir jemand B\u00f6ses will. Wenn jemand kein Mitgef\u00fchl mit mir hat. Wenn mich jemand scheinbar oder tats\u00e4chlich nicht mag oder nicht liebt. Ich bin da besonders sensibel. Und da hilft auch kein rationales Abtun, als w\u00e4re das ja nicht so schlimm oder so. Es verletzt die Seele.<\/p>\n<\/div>\n<div>\n<p>Das schlimmste Ereignis f\u00fcr mich war wohl als mir klar wurde, dass mich meine damalige Freundin nicht (mehr) liebt. Als mir klar wurde, dass es meiner Freundin egal war, ob wir uns trennen. Die Person, die ich so sehr liebte und der ich mich so sehr ge\u00f6ffnet hatte, dr\u00fcckte damit aus: das war alles gelogen, alles nicht echt. Du bist mir nicht wichtig, ich liebe dich nicht. Ob es tats\u00e4chlich so gemeint war spielt keine Rolle. Das war die Botschaft, die mein Innerstes tief verwundet hat.<\/p>\n<\/div>\n<div>Warum ist denn die Liebe zu einem Menschen so wichtig?<\/div>\n<div>Weil wir ohne Liebe nicht leben k\u00f6nnen. Das Leben ohne Liebe ist in der Tat die H\u00f6lle. Und davor will Gott uns bewahren. Weil er uns liebt und weil er die Liebe ist.<\/div>\n<div>\n<p>Wir Menschen machen oft den Fehler, dass uns etwas anderes wichtiger ist oder wird als die Liebe. Wir denken, dass wir auf die Liebe zumindest teilweise oder zeitweise verzichten k\u00f6nnen, wenn wir daf\u00fcr etwas scheinbar besseres und wertvolleres erhalten k\u00f6nnen. Oder um unangenehme oder schmerzhafte Situationen zu vermeiden.<\/p>\n<\/div>\n<div>\n<p>Bereits Adam und Eva lie\u00dfen sich verf\u00fchren, der Liebe, d. h. Gott, die Unabh\u00e4ngigkeit und damit die Macht der Eigenst\u00e4ndigkeit vorzuziehen. Sie wollten wie Gott sein und wurden stattdessen erb\u00e4rmliche Kreaturen. Menschen, die sich auf einmal sch\u00e4mten und Angst hatten. Angst, dass ihre Schuld, die sie nun auch selbst erkannt hatten aufgedeckt werden w\u00fcrde.<\/p>\n<p>Die vertrauensvolle Liebesbeziehung zu Gott und untereinander war zerbrochen. Leid kam in ihr vorheriges paradiesisches Leben. Statt Unschuld kam S\u00fcnde und mit der S\u00fcnde der Tod. Oh was f\u00fcr ein schreckliches Ungl\u00fcck!<\/p>\n<\/div>\n<div>\n<p>Wie sehnen wir uns zur\u00fcck zu Gott, der wahren und vollkommen Liebe! Stattdessen m\u00fcssen wir uns mit Ersatz zufrieden geben. Mit unvollkommener Liebe von Menschen, die uns immer wieder verletzen und die auch wir immer wieder entt\u00e4uschen. Unser Paradies ist uns genommen worden durch unsere eigene Schuld und durch die Schuld von Adam und Eva.<\/p>\n<\/div>\n<div>\n<p>Damit lie\u00df es Gott aber nicht bewenden. Er sandte uns seinen Sohn, weil er uns immer noch liebt. Er sandte uns Jesus, der uns den Weg zur\u00fcck ins Paradies zeigen sollte. Zur Umkehr zu Gott.<\/p>\n<p>Und dieser Jesus trug dann unsere Schuld und unsere Strafe, weil sie f\u00fcr uns zu schwer war. Er starb f\u00fcr uns, um uns frei zu machen. Er will auch Dich frei machen. Er will Dich heilen.<\/p>\n<p>Er will Dich lehren, wahrhaftig Lieben (neu) zu lernen. Mithilfe seiner g\u00f6ttlichen Kraft. Mithilfe des Heiligen Geistes, den er uns in der Taufe zur Vergebung der S\u00fcnden in uns ausgegossen hat. Mithilfe des Heiligen Geistes, der uns in der Firmung geistliche St\u00e4rke erm\u00f6glicht, um genauso lieben zu k\u00f6nnen wie er und der uns dann auch hilft, diese gute Botschaft zu verk\u00fcnden, n\u00e4mlich das Evangelium von Jesus Christus.<\/p>\n<\/div>\n<div><\/div>\n","protected":false},"excerpt":{"rendered":"<p>Das hier ist eine sehr pers\u00f6nliche Geschichte. Versuche sie als deine eigene Geschichte zu lesen. Vielleicht schenkt Gott auch dir Heilung. Ich w\u00fcnsche es dir von Herzen!<\/p>\n","protected":false},"author":1,"featured_media":0,"comment_status":"open","ping_status":"open","sticky":false,"template":"","format":"standard","meta":{"jetpack_post_was_ever_published":false,"_jetpack_newsletter_access":"","_jetpack_dont_email_post_to_subs":false,"_jetpack_newsletter_tier_id":0,"_jetpack_memberships_contains_paywalled_content":false,"_jetpack_memberships_contains_paid_content":false,"footnotes":""},"categories":[2],"tags":[],"class_list":["post-5670","post","type-post","status-publish","format-standard","hentry","category-allgemein"],"jetpack_featured_media_url":"","jetpack_shortlink":"https:\/\/wp.me\/p4Sdv6-1ts","jetpack_sharing_enabled":true,"_links":{"self":[{"href":"https:\/\/www.projekt-kirche.de\/index.php?rest_route=\/wp\/v2\/posts\/5670","targetHints":{"allow":["GET"]}}],"collection":[{"href":"https:\/\/www.projekt-kirche.de\/index.php?rest_route=\/wp\/v2\/posts"}],"about":[{"href":"https:\/\/www.projekt-kirche.de\/index.php?rest_route=\/wp\/v2\/types\/post"}],"author":[{"embeddable":true,"href":"https:\/\/www.projekt-kirche.de\/index.php?rest_route=\/wp\/v2\/users\/1"}],"replies":[{"embeddable":true,"href":"https:\/\/www.projekt-kirche.de\/index.php?rest_route=%2Fwp%2Fv2%2Fcomments&post=5670"}],"version-history":[{"count":1,"href":"https:\/\/www.projekt-kirche.de\/index.php?rest_route=\/wp\/v2\/posts\/5670\/revisions"}],"predecessor-version":[{"id":6268,"href":"https:\/\/www.projekt-kirche.de\/index.php?rest_route=\/wp\/v2\/posts\/5670\/revisions\/6268"}],"wp:attachment":[{"href":"https:\/\/www.projekt-kirche.de\/index.php?rest_route=%2Fwp%2Fv2%2Fmedia&parent=5670"}],"wp:term":[{"taxonomy":"category","embeddable":true,"href":"https:\/\/www.projekt-kirche.de\/index.php?rest_route=%2Fwp%2Fv2%2Fcategories&post=5670"},{"taxonomy":"post_tag","embeddable":true,"href":"https:\/\/www.projekt-kirche.de\/index.php?rest_route=%2Fwp%2Fv2%2Ftags&post=5670"}],"curies":[{"name":"wp","href":"https:\/\/api.w.org\/{rel}","templated":true}]}}