{"id":5700,"date":"2018-07-27T06:43:29","date_gmt":"2018-07-27T06:43:29","guid":{"rendered":"http:\/\/www.projekt-kirche.de\/?p=5700"},"modified":"2020-05-08T20:36:53","modified_gmt":"2020-05-08T18:36:53","slug":"ueber-das-bibellesen","status":"publish","type":"post","link":"https:\/\/www.projekt-kirche.de\/?p=5700","title":{"rendered":"\u00dcber das Bibellesen"},"content":{"rendered":"<div class=\"shariff\" data-title=\"\u00dcber das Bibellesen\" data-info-url=\"http:\/\/ct.de\/-2467514\" data-backend-url=\"https:\/\/www.projekt-kirche.de\/wp-content\/plugins\/shariff-sharing\/backend\/index.php\" data-temp=\"\/tmp\" data-ttl=\"60\" data-service=\"gftr\" data-services='[\"googleplus\",\"facebook\",\"twitter\",\"reddit\",\"info\"]' data-image=\"\" data-url=\"https:\/\/www.projekt-kirche.de\/?p=5700\" data-lang=\"de\" data-theme=\"colored\" data-orientation=\"horizontal\"><\/div><p>C\u00e4sarius von Arles (470-543), M\u00f6nch und Bischof schreibt in seiner &#8220;Predigt an das Kirchenvolk&#8221; (Nr. 6 passim; SC 175, Trad. \u00a9 <a href=\"https:\/\/evangeliumtagfuertag.org\/DE\/gospel\">Evangelizo<\/a>) wie wichtig das Lesen in der Bibel ist und das Beherzigen von dem, was man verstanden hat:<\/p>\n<p><!--more--><\/p>\n<blockquote><p>Liebe Br\u00fcder, wenn ich euch etwas darlege, das n\u00fctzlich ist f\u00fcr eure Seele, dann versuche keiner sich zu entschuldigen mit den Worten: \u201eIch habe keine Zeit zu lesen, deshalb kann ich auch die Gebote Gottes nicht kennen noch sie befolgen\u201c [\u2026] Lassen wir doch eitles Geschw\u00e4tz und bissige Sp\u00e4\u00dfe [\u2026] und schauen wir mal, ob uns keine Zeit zum Lesen der Heiligen Schrift bleibt [\u2026] Wenn die N\u00e4chte l\u00e4nger sind \u2013 kann denn dann jemand so viel schlafen, dass er die Heilige Schrift nicht selber lesen oder einem anderen beim Lesen zuh\u00f6ren kann? [\u2026] Denn Licht f\u00fcr die Seele und ihre Nahrung f\u00fcr die Ewigkeit ist einzig und allein das Wort Gottes, und ohne das Wort Gottes kann das Herz nicht leben, noch schlafen [\u2026] Die Pflege der Seele ist ganz und gar vergleichbar mit der Bestellung des Bodens. Wie man auf einem Acker einerseits j\u00e4tet und andererseits mit der Wurzel ausrei\u00dft, um dann das gute Samenkorn auszus\u00e4en, so muss man auch in unserer Seele vorgehen: ausrei\u00dfen, was schlecht ist und anpflanzen, was gut ist; zur\u00fcckschneiden, was sch\u00e4dlich ist, veredeln, was n\u00fctzlich ist; den Stolz mit der Wurzel entfernen und Demut einpflanzen; den Geiz absto\u00dfen und die Barmherzigkeit behalten; Unreinheit verachten und Keuschheit hochsch\u00e4tzen [\u2026] Ihr wisst ja, wie man das Land bestellt. Anfangs wird Gestr\u00fcpp ausgerissen, Steine werden beseitigt; dann bearbeitet man die Erde selbst, noch einmal und noch einmal und schlie\u00dflich [\u2026] wird ges\u00e4t. Ebenso m\u00fcssen wir mit unserer Seele umgehen: Zuerst das Gestr\u00fcpp, also schlechte Gedanken, mit der Wurzel entfernen, so dann genauso die Steine, also alle Bosheit und H\u00e4rte. Anschlie\u00dfend m\u00fcssen wir unser Herz mit dem Pflug des Evangeliums und des Kreuzes bearbeiten, es durch Bu\u00dfe aufbrechen, es mit Almosen anreichern, es durch Werke der Barmherzigkeit vorbereiten f\u00fcr die Aussaat des Herrn [\u2026], damit es das Saatgut des g\u00f6ttlichen Wortes mit Freuden aufnehmen und nicht nur drei\u00dfigfache, sondern sechzig- und hundertfache Frucht bringen kann.<\/p><\/blockquote>\n","protected":false},"excerpt":{"rendered":"<p>C\u00e4sarius von Arles (470-543), M\u00f6nch und Bischof schreibt in seiner &#8220;Predigt an das Kirchenvolk&#8221; (Nr. 6 passim; SC 175, Trad. \u00a9 Evangelizo) wie wichtig das Lesen in der Bibel ist und das Beherzigen von dem, was man verstanden hat:<\/p>\n","protected":false},"author":1,"featured_media":6657,"comment_status":"open","ping_status":"open","sticky":false,"template":"","format":"standard","meta":{"jetpack_post_was_ever_published":false,"_jetpack_newsletter_access":"","_jetpack_dont_email_post_to_subs":false,"_jetpack_newsletter_tier_id":0,"_jetpack_memberships_contains_paywalled_content":false,"_jetpack_memberships_contains_paid_content":false,"footnotes":""},"categories":[2],"tags":[],"class_list":["post-5700","post","type-post","status-publish","format-standard","has-post-thumbnail","hentry","category-allgemein"],"jetpack_featured_media_url":"https:\/\/i0.wp.com\/www.projekt-kirche.de\/wp-content\/uploads\/2018\/12\/pexels-photo-236339.jpeg?fit=1880%2C1253&ssl=1","jetpack_shortlink":"https:\/\/wp.me\/p4Sdv6-1tW","jetpack_sharing_enabled":true,"_links":{"self":[{"href":"https:\/\/www.projekt-kirche.de\/index.php?rest_route=\/wp\/v2\/posts\/5700","targetHints":{"allow":["GET"]}}],"collection":[{"href":"https:\/\/www.projekt-kirche.de\/index.php?rest_route=\/wp\/v2\/posts"}],"about":[{"href":"https:\/\/www.projekt-kirche.de\/index.php?rest_route=\/wp\/v2\/types\/post"}],"author":[{"embeddable":true,"href":"https:\/\/www.projekt-kirche.de\/index.php?rest_route=\/wp\/v2\/users\/1"}],"replies":[{"embeddable":true,"href":"https:\/\/www.projekt-kirche.de\/index.php?rest_route=%2Fwp%2Fv2%2Fcomments&post=5700"}],"version-history":[{"count":1,"href":"https:\/\/www.projekt-kirche.de\/index.php?rest_route=\/wp\/v2\/posts\/5700\/revisions"}],"predecessor-version":[{"id":6421,"href":"https:\/\/www.projekt-kirche.de\/index.php?rest_route=\/wp\/v2\/posts\/5700\/revisions\/6421"}],"wp:featuredmedia":[{"embeddable":true,"href":"https:\/\/www.projekt-kirche.de\/index.php?rest_route=\/wp\/v2\/media\/6657"}],"wp:attachment":[{"href":"https:\/\/www.projekt-kirche.de\/index.php?rest_route=%2Fwp%2Fv2%2Fmedia&parent=5700"}],"wp:term":[{"taxonomy":"category","embeddable":true,"href":"https:\/\/www.projekt-kirche.de\/index.php?rest_route=%2Fwp%2Fv2%2Fcategories&post=5700"},{"taxonomy":"post_tag","embeddable":true,"href":"https:\/\/www.projekt-kirche.de\/index.php?rest_route=%2Fwp%2Fv2%2Ftags&post=5700"}],"curies":[{"name":"wp","href":"https:\/\/api.w.org\/{rel}","templated":true}]}}