{"id":5712,"date":"2018-08-01T08:21:10","date_gmt":"2018-08-01T06:21:10","guid":{"rendered":"http:\/\/www.projekt-kirche.de\/?p=5712"},"modified":"2020-05-08T21:23:42","modified_gmt":"2020-05-08T19:23:42","slug":"das-los-eines-propheten","status":"publish","type":"post","link":"https:\/\/www.projekt-kirche.de\/?p=5712","title":{"rendered":"Das Los eines Propheten"},"content":{"rendered":"<div class=\"shariff\" data-title=\"Das Los eines Propheten\" data-info-url=\"http:\/\/ct.de\/-2467514\" data-backend-url=\"https:\/\/www.projekt-kirche.de\/wp-content\/plugins\/shariff-sharing\/backend\/index.php\" data-temp=\"\/tmp\" data-ttl=\"60\" data-service=\"gftr\" data-services='[\"googleplus\",\"facebook\",\"twitter\",\"reddit\",\"info\"]' data-image=\"\" data-url=\"https:\/\/www.projekt-kirche.de\/?p=5712\" data-lang=\"de\" data-theme=\"colored\" data-orientation=\"horizontal\"><\/div><p>Propheten hatten es nie einfach. Vor allem nicht Jeremia, einer meiner Lieblingspropheten.<\/p>\n<p>Dem ging es nicht gut mit seinem Auftrag und dennoch liebte er Gott und war ihm treu:<\/p>\n<p><!--more--><\/p>\n<blockquote><p>Weh mir, Mutter, dass du mich geboren hast, einen Mann, der mit aller Welt in Zank und Streit liegt. Ich bin niemands Gl\u00e4ubiger und niemands Schuldner, und doch fluchen mir alle.<br \/>\nKamen Worte von dir, so verschlang ich sie; dein Wort war mir Gl\u00fcck und Herzensfreude; denn dein Name ist \u00fcber mir ausgerufen, Herr, Gott der Heere.<br \/>\nIch sitze nicht heiter im Kreis der Fr\u00f6hlichen; von deiner Hand gepackt, sitze ich einsam; denn du hast mich mit Groll angef\u00fcllt.<br \/>\nWarum dauert mein Leiden ewig und ist meine Wunde so b\u00f6sartig, dass sie nicht heilen will? Wie ein versiegender Bach bist du mir geworden, ein unzuverl\u00e4ssiges Wasser.<br \/>\nDarum &#8211; so spricht der Herr: Wenn du umkehrst, lasse ich dich umkehren, dann darfst du wieder vor mir stehen. Redest du Edles und nicht Gemeines, dann darfst du mir wieder Mund sein. Jene sollen sich dir zuwenden, du aber wende dich ihnen nicht zu.<br \/>\nDann mache ich dich f\u00fcr dieses Volk zur festen, ehernen Mauer. M\u00f6gen sie dich bek\u00e4mpfen, sie werden dich nicht bezwingen; denn ich bin mit dir, um dir zu helfen und dich zu retten &#8211; Spruch des Herrn.<br \/>\nJa, ich rette dich aus der Hand der B\u00f6sen, ich befreie dich aus der Faust der Tyrannen. (<a href=\"https:\/\/www.bibleserver.com\/NLB\/Jeremia15%2C10.16-21\" class=\"bibleserver extern\" target=\"_blank\" rel=\"noopener noreferrer\">Jer 15,10.16-21<\/a>.)<\/p><\/blockquote>\n","protected":false},"excerpt":{"rendered":"<p>Propheten hatten es nie einfach. Vor allem nicht Jeremia, einer meiner Lieblingspropheten. Dem ging es nicht gut mit seinem Auftrag und dennoch liebte er Gott und war ihm treu:<\/p>\n","protected":false},"author":1,"featured_media":0,"comment_status":"open","ping_status":"open","sticky":false,"template":"","format":"standard","meta":{"jetpack_post_was_ever_published":false,"_jetpack_newsletter_access":"","_jetpack_dont_email_post_to_subs":false,"_jetpack_newsletter_tier_id":0,"_jetpack_memberships_contains_paywalled_content":false,"_jetpack_memberships_contains_paid_content":false,"footnotes":""},"categories":[2],"tags":[],"class_list":["post-5712","post","type-post","status-publish","format-standard","hentry","category-allgemein"],"jetpack_featured_media_url":"","jetpack_shortlink":"https:\/\/wp.me\/p4Sdv6-1u8","jetpack_sharing_enabled":true,"_links":{"self":[{"href":"https:\/\/www.projekt-kirche.de\/index.php?rest_route=\/wp\/v2\/posts\/5712","targetHints":{"allow":["GET"]}}],"collection":[{"href":"https:\/\/www.projekt-kirche.de\/index.php?rest_route=\/wp\/v2\/posts"}],"about":[{"href":"https:\/\/www.projekt-kirche.de\/index.php?rest_route=\/wp\/v2\/types\/post"}],"author":[{"embeddable":true,"href":"https:\/\/www.projekt-kirche.de\/index.php?rest_route=\/wp\/v2\/users\/1"}],"replies":[{"embeddable":true,"href":"https:\/\/www.projekt-kirche.de\/index.php?rest_route=%2Fwp%2Fv2%2Fcomments&post=5712"}],"version-history":[{"count":4,"href":"https:\/\/www.projekt-kirche.de\/index.php?rest_route=\/wp\/v2\/posts\/5712\/revisions"}],"predecessor-version":[{"id":8522,"href":"https:\/\/www.projekt-kirche.de\/index.php?rest_route=\/wp\/v2\/posts\/5712\/revisions\/8522"}],"wp:attachment":[{"href":"https:\/\/www.projekt-kirche.de\/index.php?rest_route=%2Fwp%2Fv2%2Fmedia&parent=5712"}],"wp:term":[{"taxonomy":"category","embeddable":true,"href":"https:\/\/www.projekt-kirche.de\/index.php?rest_route=%2Fwp%2Fv2%2Fcategories&post=5712"},{"taxonomy":"post_tag","embeddable":true,"href":"https:\/\/www.projekt-kirche.de\/index.php?rest_route=%2Fwp%2Fv2%2Ftags&post=5712"}],"curies":[{"name":"wp","href":"https:\/\/api.w.org\/{rel}","templated":true}]}}