{"id":5732,"date":"2018-08-11T11:29:17","date_gmt":"2018-08-11T09:29:17","guid":{"rendered":"https:\/\/www.projekt-kirche.de\/?p=5732"},"modified":"2020-05-08T21:23:40","modified_gmt":"2020-05-08T19:23:40","slug":"ueber-den-glauben","status":"publish","type":"post","link":"https:\/\/www.projekt-kirche.de\/?p=5732","title":{"rendered":"\u00dcber den Glauben"},"content":{"rendered":"<div class=\"shariff\" data-title=\"\u00dcber den Glauben\" data-info-url=\"http:\/\/ct.de\/-2467514\" data-backend-url=\"https:\/\/www.projekt-kirche.de\/wp-content\/plugins\/shariff-sharing\/backend\/index.php\" data-temp=\"\/tmp\" data-ttl=\"60\" data-service=\"gftr\" data-services='[\"googleplus\",\"facebook\",\"twitter\",\"reddit\",\"info\"]' data-image=\"\" data-url=\"https:\/\/www.projekt-kirche.de\/?p=5732\" data-lang=\"de\" data-theme=\"colored\" data-orientation=\"horizontal\"><\/div><p>Was ist Glaube?<\/p>\n<p>Cyrill von Jerusalem (313-350), Bischof von Jerusalem und Kirchenlehrer erkl\u00e4rt sehr sch\u00f6n die zweifache Bedeutung des christlichen Glaubens in einer seiner Lehreineinheiten f\u00fcr Taufbewerber:<\/p>\n<p><!--more--><\/p>\n<blockquote><p>\u201eGlaube\u201c ist ein einziges Wort, bedeutet aber zweierlei. Es gibt einen dogmatischen Glauben. Derselbe ist Zustimmung der Seele zu irgendetwas. Er rettet die Seele; denn der Herr sagt: \u201eWer meine Worte h\u00f6rt und an den glaubt, der mich gesandt hat, hat das ewige Leben und kommt nicht in das Gericht\u201c (<a href=\"https:\/\/www.bibleserver.com\/NLB\/Johannes5%2C24\" class=\"bibleserver extern\" target=\"_blank\" rel=\"noopener noreferrer\">Joh 5,24<\/a>) [\u2026] Es gibt aber auch noch einen Glauben anderer Art, ich meine das Gnadengeschenk Christi. \u201eDem einen wird n\u00e4mlich durch den Geist Weisheitsrede gegeben, einem anderen Erkenntnisrede nach demselben Geist, wieder einem anderen Glaube in dem gleichen Geist, wieder einem anderen Heilungsgaben\u201c (<a href=\"https:\/\/www.bibleserver.com\/NLB\/1.Korinther12%2C8-9\" class=\"bibleserver extern\" target=\"_blank\" rel=\"noopener noreferrer\">1 Kor 12,8-9<\/a>). Dieser Glaube, der durch den Hl. Geist als Gnadengeschenk verliehen wird, ist also nicht nur ein dogmatischer, er wirkt auch \u00dcbermenschliches. Wer den Glauben letzterer Art hat, wird zu diesem Berge sagen: \u201eGehe von hier dorthin, und er wird fortgehen\u201c (<a href=\"https:\/\/www.bibleserver.com\/NLB\/Matth%C3%A4us17%2C19\" class=\"bibleserver extern\" target=\"_blank\" rel=\"noopener noreferrer\">Mt 17,19<\/a>; <a href=\"https:\/\/www.bibleserver.com\/NLB\/Markus11%2C23\" class=\"bibleserver extern\" target=\"_blank\" rel=\"noopener noreferrer\">Mk 11,23<\/a>). Wenn jemand gl\u00e4ubig so spricht im Vertrauen, es werde geschehen, ohne im Herzen zu zweifeln, dann erh\u00e4lt er die Gnade. Bez\u00fcglich dieser Art des Glaubens hei\u00dft es: \u201eWenn euer Glaube ist wie ein Senfk\u00f6rnlein\u201c (<a href=\"https:\/\/www.bibleserver.com\/NLB\/Matth%C3%A4us17%2C19\" class=\"bibleserver extern\" target=\"_blank\" rel=\"noopener noreferrer\">Mt 17,19<\/a>). Wie n\u00e4mlich das Senfk\u00f6rnlein klein ist an Gestalt, aber seiner Kraft nach wirkt wie das Feuer, und wie, wenngleich der Same in kleinem Raum ruht, die \u00c4ste doch weit um sich greifen, so dass, wenn der Same sich entwickelt hat, sogar die V\u00f6gel Schatten finden k\u00f6nnen, so wirkt der Glaube in der Seele die gr\u00f6\u00dften Wunder, und zwar in einem Augenblick. Sie macht sich, durch den Glauben erleuchtet, eine Vorstellung von Gott und schaut Gott, soweit es m\u00f6glich ist; sie durchwandert die Grenzgebiete der Welt, und schon vor Abschluss dieser Zeit sieht sie das Gericht und die Austeilung der verhei\u00dfenen Belohnungen. Du brauchst den Glauben, bei dem es auf dich ankommt, den Glauben an Gott, damit du den Glauben erh\u00e4ltst, den Gott gibt und der \u00dcbermenschliches wirkt. (aus &#8220;Katechesen an die T\u00e4uflinge&#8221; , 5,10-11, vgl. Bibliothek der Kirchenv\u00e4ter, M\u00fcnchen 1922, zitiert aus <a href=\"https:\/\/evangeliumtagfuertag.org\/DE\/gospel\">Evangelium Tag f\u00fcr Tag<\/a>)<\/p><\/blockquote>\n","protected":false},"excerpt":{"rendered":"<p>Was ist Glaube? Cyrill von Jerusalem (313-350), Bischof von Jerusalem und Kirchenlehrer erkl\u00e4rt sehr sch\u00f6n die zweifache Bedeutung des christlichen Glaubens in einer seiner Lehreineinheiten f\u00fcr Taufbewerber:<\/p>\n","protected":false},"author":1,"featured_media":0,"comment_status":"open","ping_status":"open","sticky":false,"template":"","format":"standard","meta":{"jetpack_post_was_ever_published":false,"_jetpack_newsletter_access":"","_jetpack_dont_email_post_to_subs":false,"_jetpack_newsletter_tier_id":0,"_jetpack_memberships_contains_paywalled_content":false,"_jetpack_memberships_contains_paid_content":false,"footnotes":""},"categories":[2],"tags":[],"class_list":["post-5732","post","type-post","status-publish","format-standard","hentry","category-allgemein"],"jetpack_featured_media_url":"","jetpack_shortlink":"https:\/\/wp.me\/p4Sdv6-1us","jetpack_sharing_enabled":true,"_links":{"self":[{"href":"https:\/\/www.projekt-kirche.de\/index.php?rest_route=\/wp\/v2\/posts\/5732","targetHints":{"allow":["GET"]}}],"collection":[{"href":"https:\/\/www.projekt-kirche.de\/index.php?rest_route=\/wp\/v2\/posts"}],"about":[{"href":"https:\/\/www.projekt-kirche.de\/index.php?rest_route=\/wp\/v2\/types\/post"}],"author":[{"embeddable":true,"href":"https:\/\/www.projekt-kirche.de\/index.php?rest_route=\/wp\/v2\/users\/1"}],"replies":[{"embeddable":true,"href":"https:\/\/www.projekt-kirche.de\/index.php?rest_route=%2Fwp%2Fv2%2Fcomments&post=5732"}],"version-history":[{"count":4,"href":"https:\/\/www.projekt-kirche.de\/index.php?rest_route=\/wp\/v2\/posts\/5732\/revisions"}],"predecessor-version":[{"id":8521,"href":"https:\/\/www.projekt-kirche.de\/index.php?rest_route=\/wp\/v2\/posts\/5732\/revisions\/8521"}],"wp:attachment":[{"href":"https:\/\/www.projekt-kirche.de\/index.php?rest_route=%2Fwp%2Fv2%2Fmedia&parent=5732"}],"wp:term":[{"taxonomy":"category","embeddable":true,"href":"https:\/\/www.projekt-kirche.de\/index.php?rest_route=%2Fwp%2Fv2%2Fcategories&post=5732"},{"taxonomy":"post_tag","embeddable":true,"href":"https:\/\/www.projekt-kirche.de\/index.php?rest_route=%2Fwp%2Fv2%2Ftags&post=5732"}],"curies":[{"name":"wp","href":"https:\/\/api.w.org\/{rel}","templated":true}]}}