{"id":5764,"date":"2018-08-27T06:14:07","date_gmt":"2018-08-27T06:14:07","guid":{"rendered":"http:\/\/www.projekt-kirche.de\/?p=5764"},"modified":"2020-05-08T21:23:39","modified_gmt":"2020-05-08T19:23:39","slug":"ueber-den-umgang-mit-persoenlicher-schuld","status":"publish","type":"post","link":"https:\/\/www.projekt-kirche.de\/?p=5764","title":{"rendered":"\u00dcber den Umgang mit pers\u00f6nlicher Schuld"},"content":{"rendered":"<div class=\"shariff\" data-title=\"\u00dcber den Umgang mit pers\u00f6nlicher Schuld\" data-info-url=\"http:\/\/ct.de\/-2467514\" data-backend-url=\"https:\/\/www.projekt-kirche.de\/wp-content\/plugins\/shariff-sharing\/backend\/index.php\" data-temp=\"\/tmp\" data-ttl=\"60\" data-service=\"gftr\" data-services='[\"googleplus\",\"facebook\",\"twitter\",\"reddit\",\"info\"]' data-image=\"\" data-url=\"https:\/\/www.projekt-kirche.de\/?p=5764\" data-lang=\"de\" data-theme=\"colored\" data-orientation=\"horizontal\"><\/div><p>Ich finde es nicht einfach, mit eigener Schuld oder eigenen Unzul\u00e4nglichkeiten umzugehen. Wie kann und sollte man das als Christ machen, ohne oberfl\u00e4chlich noch st\u00e4ndig niedergeschlagen zu sein?<\/p>\n<p>Pater Pio von Pietrelcina (1887-1968), Kapuziner, gibt dazu einige sehr weise Ratschl\u00e4ge:<\/p>\n<p><!--more--><\/p>\n<blockquote><p>Angesichts von Versuchungen verhalte dich wie eine starke Frau und k\u00e4mpfe mit Hilfe des Herrn. Wenn du in der S\u00fcnde zu Fall kommst, bleib nicht entt\u00e4uscht und kraftlos liegen. Dem\u00fctige dich, aber ohne mutlos zu werden; erniedrige dich, aber ohne dich abzuwerten; vergie\u00dfe Tr\u00e4nen ehrlicher Reue, um deine Unvollkommenheiten und deine Fehler reinzuwaschen, doch ohne die Hoffnung in das Erbarmen Gottes zu verlieren, das immer gr\u00f6\u00dfer sein wird als deine Undankbarkeit. Fasse den Plan, dich zu bessern, doch ohne dich zu \u00fcberheben, denn allein aus Gott sollst du deine Kraft sch\u00f6pfen; und schlie\u00dflich erkenne, dass wenn Gott nicht deine R\u00fcstung und dein Schild w\u00e4re, dich deine Unvorsichtigkeit dazu gebracht h\u00e4tte allerlei S\u00fcnden zu begehen. Wundere dich nicht \u00fcber deine Schw\u00e4chen. Nimm dich selbst an, so wie du bist; err\u00f6te \u00fcber deine Untreue Gott gegen\u00fcber, doch schenke ihm dein Vertrauen und \u00fcberlasse dich ihm voller Ruhe, so wie ein kleines Kind den Armen seiner Mutter. (<a href=\"https:\/\/www.bibleserver.com\/NLB\/Epheser3%2C21\" class=\"bibleserver extern\" target=\"_blank\" rel=\"noopener noreferrer\">Ep 3, 698<\/a>; AP (in Buona giornata, Madiaspaul, 1991, p. 61, \u00a9 trad <a href=\"http:\/\/evangeliumtagfuertag.org\">evangelizo<\/a>)<\/p><\/blockquote>\n","protected":false},"excerpt":{"rendered":"<p>Ich finde es nicht einfach, mit eigener Schuld oder eigenen Unzul\u00e4nglichkeiten umzugehen. Wie kann und sollte man das als Christ machen, ohne oberfl\u00e4chlich noch st\u00e4ndig niedergeschlagen zu sein? Pater Pio von Pietrelcina (1887-1968), Kapuziner, gibt dazu einige sehr weise Ratschl\u00e4ge:<\/p>\n","protected":false},"author":1,"featured_media":6662,"comment_status":"open","ping_status":"open","sticky":false,"template":"","format":"standard","meta":{"jetpack_post_was_ever_published":false,"_jetpack_newsletter_access":"","_jetpack_dont_email_post_to_subs":false,"_jetpack_newsletter_tier_id":0,"_jetpack_memberships_contains_paywalled_content":false,"_jetpack_memberships_contains_paid_content":false,"footnotes":""},"categories":[2],"tags":[],"class_list":["post-5764","post","type-post","status-publish","format-standard","has-post-thumbnail","hentry","category-allgemein"],"jetpack_featured_media_url":"https:\/\/i0.wp.com\/www.projekt-kirche.de\/wp-content\/uploads\/2018\/12\/pexels-photo-262218.jpeg?fit=867%2C1300&ssl=1","jetpack_shortlink":"https:\/\/wp.me\/p4Sdv6-1uY","jetpack_sharing_enabled":true,"_links":{"self":[{"href":"https:\/\/www.projekt-kirche.de\/index.php?rest_route=\/wp\/v2\/posts\/5764","targetHints":{"allow":["GET"]}}],"collection":[{"href":"https:\/\/www.projekt-kirche.de\/index.php?rest_route=\/wp\/v2\/posts"}],"about":[{"href":"https:\/\/www.projekt-kirche.de\/index.php?rest_route=\/wp\/v2\/types\/post"}],"author":[{"embeddable":true,"href":"https:\/\/www.projekt-kirche.de\/index.php?rest_route=\/wp\/v2\/users\/1"}],"replies":[{"embeddable":true,"href":"https:\/\/www.projekt-kirche.de\/index.php?rest_route=%2Fwp%2Fv2%2Fcomments&post=5764"}],"version-history":[{"count":4,"href":"https:\/\/www.projekt-kirche.de\/index.php?rest_route=\/wp\/v2\/posts\/5764\/revisions"}],"predecessor-version":[{"id":8520,"href":"https:\/\/www.projekt-kirche.de\/index.php?rest_route=\/wp\/v2\/posts\/5764\/revisions\/8520"}],"wp:featuredmedia":[{"embeddable":true,"href":"https:\/\/www.projekt-kirche.de\/index.php?rest_route=\/wp\/v2\/media\/6662"}],"wp:attachment":[{"href":"https:\/\/www.projekt-kirche.de\/index.php?rest_route=%2Fwp%2Fv2%2Fmedia&parent=5764"}],"wp:term":[{"taxonomy":"category","embeddable":true,"href":"https:\/\/www.projekt-kirche.de\/index.php?rest_route=%2Fwp%2Fv2%2Fcategories&post=5764"},{"taxonomy":"post_tag","embeddable":true,"href":"https:\/\/www.projekt-kirche.de\/index.php?rest_route=%2Fwp%2Fv2%2Ftags&post=5764"}],"curies":[{"name":"wp","href":"https:\/\/api.w.org\/{rel}","templated":true}]}}