{"id":5818,"date":"2018-09-14T08:03:41","date_gmt":"2018-09-14T06:03:41","guid":{"rendered":"http:\/\/www.projekt-kirche.de\/?p=5818"},"modified":"2020-05-08T16:06:53","modified_gmt":"2020-05-08T14:06:53","slug":"loblied-auf-das-kreuz-christi","status":"publish","type":"post","link":"https:\/\/www.projekt-kirche.de\/?p=5818","title":{"rendered":"Loblied auf das Kreuz Christi"},"content":{"rendered":"<div class=\"shariff\" data-title=\"Loblied auf das Kreuz Christi\" data-info-url=\"http:\/\/ct.de\/-2467514\" data-backend-url=\"https:\/\/www.projekt-kirche.de\/wp-content\/plugins\/shariff-sharing\/backend\/index.php\" data-temp=\"\/tmp\" data-ttl=\"60\" data-service=\"gftr\" data-services='[\"googleplus\",\"facebook\",\"twitter\",\"reddit\",\"info\"]' data-image=\"\" data-url=\"https:\/\/www.projekt-kirche.de\/?p=5818\" data-lang=\"de\" data-theme=\"colored\" data-orientation=\"horizontal\"><\/div><p>In einer dem Ephr\u00e4m (um 306-373), einem Diakon in Syrien und Kirchenlehrer, zugeschriebenen Homelie wird die Bedeutung des Kreuzes Christi wunderbar beschrieben:<\/p>\n<p><!--more--><\/p>\n<blockquote><p>Nunmehr sind durch das Kreuz die Schatten zerstreut worden und die Wahrheit erhebt sich, wie uns der Apostel Johannes sagt: \u201eDenn was fr\u00fcher war, ist vergangen. [&#8230;] Seht, ich mache alles neu\u201c (<a href=\"https:\/\/www.bibleserver.com\/NLB\/Offenbarung21%2C4-5\" class=\"bibleserver extern\" target=\"_blank\" rel=\"noopener noreferrer\">Offb 21,4-5<\/a>). Der Tod wurde entbl\u00f6\u00dft, die H\u00f6lle gibt ihre Gefangenen preis, der Mensch ist frei, der Herr herrscht, die Sch\u00f6pfung ist von Freude erf\u00fcllt. Das Kreuz triumphiert und alle Nationen, St\u00e4mme, Sprachen und V\u00f6lker (vgl. <a href=\"https:\/\/www.bibleserver.com\/NLB\/Offenbarung7%2C9\" class=\"bibleserver extern\" target=\"_blank\" rel=\"noopener noreferrer\">Offb 7,9<\/a>) kommen, um es zu verehren. Mit dem seligen Paulus, der ausruft: \u201eIch aber will mich allein des Kreuzes Jesu Christi, unseres Herrn, r\u00fchmen\u201c (<a href=\"https:\/\/www.bibleserver.com\/NLB\/Galater6%2C14\" class=\"bibleserver extern\" target=\"_blank\" rel=\"noopener noreferrer\">Gal 6,14<\/a>), finden wir in ihm unsere Freude. Das Kreuz erleuchtet das gesamte Universum, es vertreibt die Finsternis und versammelt die V\u00f6lker des Westens und des Ostens, des Nordens und des Meeres in einer einzigen Kirche, in dem einen Glauben, der einen Taufe in der Liebe. Es erhebt sich im Mittelpunkt der Welt, aufgerichtet auf Kalvaria. Mit dem Kreuz als Waffe ziehen die Apostel aus, um zu predigen und das ganze Universum zu seiner Anbetung zusammenzuf\u00fchren, alle feindlichen M\u00e4chte zu F\u00fc\u00dfen. Im Kreuz haben die Martyrer den Glauben freim\u00fctig bekannt und die Verschlagenheit der Tyrannen nicht gef\u00fcrchtet. Die M\u00f6nche haben es auf sich genommen und mit unermesslicher Freude die Einsamkeit zur Wohnstatt erw\u00e4hlt. Wenn Christus wiederkommt, wird dieses Kreuz zuerst am Himmel erscheinen als kostbares, lebenspendendes, wahrhaftiges und heiliges Zepter des gro\u00dfen K\u00f6nigs: \u201eDanach\u201c, so sagt der Herr, \u201ewird das Zeichen des Menschensohnes am Himmel erscheinen\u201c (<a href=\"https:\/\/www.bibleserver.com\/NLB\/Matth%C3%A4us24%2C30\" class=\"bibleserver extern\" target=\"_blank\" rel=\"noopener noreferrer\">Mt 24,30<\/a>). Wir werden es sehen, von Engeln begleitet, die Erde erleuchtend von einem Ende des Universums bis zum anderen, heller als die Sonne den Tag des Herrn ank\u00fcndigend. (zitiert aus <a href=\"http:\/\/evangeliumtagfuertag.org\">Evangelium Tag f\u00fcr Tag<\/a>)<\/p><\/blockquote>\n","protected":false},"excerpt":{"rendered":"<p>In einer dem Ephr\u00e4m (um 306-373), einem Diakon in Syrien und Kirchenlehrer, zugeschriebenen Homelie wird die Bedeutung des Kreuzes Christi wunderbar beschrieben:<\/p>\n","protected":false},"author":1,"featured_media":6654,"comment_status":"open","ping_status":"open","sticky":false,"template":"","format":"standard","meta":{"jetpack_post_was_ever_published":false,"_jetpack_newsletter_access":"","_jetpack_dont_email_post_to_subs":false,"_jetpack_newsletter_tier_id":0,"_jetpack_memberships_contains_paywalled_content":false,"_jetpack_memberships_contains_paid_content":false,"footnotes":""},"categories":[2],"tags":[],"class_list":["post-5818","post","type-post","status-publish","format-standard","has-post-thumbnail","hentry","category-allgemein"],"jetpack_featured_media_url":"https:\/\/i0.wp.com\/www.projekt-kirche.de\/wp-content\/uploads\/2018\/12\/black-and-white-cemetery-christ-208315.jpg?fit=5585%2C3744&ssl=1","jetpack_shortlink":"https:\/\/wp.me\/p4Sdv6-1vQ","jetpack_sharing_enabled":true,"_links":{"self":[{"href":"https:\/\/www.projekt-kirche.de\/index.php?rest_route=\/wp\/v2\/posts\/5818","targetHints":{"allow":["GET"]}}],"collection":[{"href":"https:\/\/www.projekt-kirche.de\/index.php?rest_route=\/wp\/v2\/posts"}],"about":[{"href":"https:\/\/www.projekt-kirche.de\/index.php?rest_route=\/wp\/v2\/types\/post"}],"author":[{"embeddable":true,"href":"https:\/\/www.projekt-kirche.de\/index.php?rest_route=\/wp\/v2\/users\/1"}],"replies":[{"embeddable":true,"href":"https:\/\/www.projekt-kirche.de\/index.php?rest_route=%2Fwp%2Fv2%2Fcomments&post=5818"}],"version-history":[{"count":4,"href":"https:\/\/www.projekt-kirche.de\/index.php?rest_route=\/wp\/v2\/posts\/5818\/revisions"}],"predecessor-version":[{"id":8427,"href":"https:\/\/www.projekt-kirche.de\/index.php?rest_route=\/wp\/v2\/posts\/5818\/revisions\/8427"}],"wp:featuredmedia":[{"embeddable":true,"href":"https:\/\/www.projekt-kirche.de\/index.php?rest_route=\/wp\/v2\/media\/6654"}],"wp:attachment":[{"href":"https:\/\/www.projekt-kirche.de\/index.php?rest_route=%2Fwp%2Fv2%2Fmedia&parent=5818"}],"wp:term":[{"taxonomy":"category","embeddable":true,"href":"https:\/\/www.projekt-kirche.de\/index.php?rest_route=%2Fwp%2Fv2%2Fcategories&post=5818"},{"taxonomy":"post_tag","embeddable":true,"href":"https:\/\/www.projekt-kirche.de\/index.php?rest_route=%2Fwp%2Fv2%2Ftags&post=5818"}],"curies":[{"name":"wp","href":"https:\/\/api.w.org\/{rel}","templated":true}]}}