{"id":5838,"date":"2006-09-09T15:05:59","date_gmt":"2006-09-09T13:05:59","guid":{"rendered":"http:\/\/sschweizer.wordpress.com\/2006\/09\/09\/einigkeit-und-recht-und-freiheit\/"},"modified":"2020-05-08T19:50:18","modified_gmt":"2020-05-08T17:50:18","slug":"einigkeit-und-recht-und-freiheit","status":"publish","type":"post","link":"https:\/\/www.projekt-kirche.de\/?p=5838","title":{"rendered":"Einigkeit und Recht und Freiheit"},"content":{"rendered":"<div class=\"shariff\" data-title=\"Einigkeit und Recht und Freiheit\" data-info-url=\"http:\/\/ct.de\/-2467514\" data-backend-url=\"https:\/\/www.projekt-kirche.de\/wp-content\/plugins\/shariff-sharing\/backend\/index.php\" data-temp=\"\/tmp\" data-ttl=\"60\" data-service=\"gftr\" data-services='[\"googleplus\",\"facebook\",\"twitter\",\"reddit\",\"info\"]' data-image=\"\" data-url=\"https:\/\/www.projekt-kirche.de\/?p=5838\" data-lang=\"de\" data-theme=\"colored\" data-orientation=\"horizontal\"><\/div><p class=\"MsoNormal\" style=\"line-height:12pt\"><span style=\"font-size:10pt;font-family:Tahoma\">&#8220;<\/span><span style=\"font-size:10pt;font-family:Tahoma\">Einigkeit und Recht und Freiheit&#8221; sind Worte aus der deutschen Nationalhymne. Sie beschreiben, was sich viele Deutsche lange Zeit gew\u00fcnscht hatten.<\/span><\/p>\n<p class=\"MsoNormal\" style=\"line-height:12pt\"><span style=\"font-size:10pt;font-family:Tahoma\">Die Freiheit und das Recht bzw. Gerechtigkeit kam nach dem Ende des Dritten Reiches, die Einigkeit 1990 mit der deutschen Wiedervereinigung.<\/span><\/p>\n<p class=\"MsoNormal\" style=\"line-height:12pt\"><span style=\"font-size:10pt;font-family:Tahoma\">Auch im Christentum sehnen sich viele nach Einigkeit und Recht und Freiheit. Nach einem einigen Christentum, in dem Gottes Recht u. Gerechtigkeit herrscht, aber auch die Freiheit, die Gott uns Christen in Jesus schenkt.<\/span><\/p>\n<p class=\"MsoNormal\" style=\"line-height:12pt\"><span style=\"font-size:10pt;font-family:Tahoma\">Wie k\u00f6nnen wir diese 3 Ziele erreichen und was bremst uns eigentlich so sehr?<\/span><\/p>\n<p class=\"MsoNormal\" style=\"line-height:12pt\"><span style=\"font-size:10pt;font-family:Tahoma\">Die Einigkeit wird oft aufgrund einseitiger Rechthaberei und gegenseitigem mangelnden Verst\u00e4ndnis blockiert.<\/span><\/p>\n<p class=\"MsoNormal\" style=\"line-height:12pt\"><span style=\"font-size:10pt;font-family:Tahoma\">Das Recht wird oft durch selbsternannte Propheten und autorit\u00e4re Leiter niedergedr\u00fcckt.<\/span><\/p>\n<p class=\"MsoNormal\" style=\"line-height:12pt\"><span style=\"font-size:10pt;font-family:Tahoma\">Und die Freiheit lassen wir uns teilweise durch engstirnige und &#8220;gesetzliche&#8221; Dogmatiker mit mangelnder Liebe rauben.<\/span><\/p>\n<p class=\"MsoNormal\" style=\"line-height:12pt\"><span style=\"font-size:10pt;font-family:Tahoma\">Nat\u00fcrlich ist das Ganze viel komplexer. Das &#8220;Recht Gottes&#8221; kann z.B. auch in der entgegengesetzten Richtung durch mangelnden Respekt vor Gottes Wort au\u00dfer Kraft gesetzt werden. Z.B. wenn S\u00fcnde nicht mehr ernst genommen bzw. relativiert wird. Dies entsteht oft da, wo die Gnade Gottes nicht verstanden wird. Aus Angst vor Strafe diskutiert man dann lieber ein paar von Gottes Geboten weg. Ein Bremsklotz bzgl. der Einigkeit der Christen ist auch oft unsere eigene Vergangheit. Unsere schlechten Erfahrungen, unsere Verletzungen. Wo Vertrauen zerst\u00f6rt und nicht wieder aufgebaut werden konnte, da ist keine wirkliche Einigkeit m\u00f6glich. <\/span><\/p>\n<p class=\"MsoNormal\" style=\"line-height:12pt\"><span style=\"font-size:10pt;font-family:Tahoma\">Ich w\u00fcnsche mir pers\u00f6nlich, dass wir Christen wieder den Mut aufbringen, dass Einigkeit und Recht und Freiheit nicht nur m\u00f6glich, sondern auch von Gott geboten sind.<\/span><\/p>\n<p class=\"MsoNormal\" style=\"line-height:12pt\"><span style=\"font-size:10pt;font-family:Tahoma\">Interessante Gedanken und Thesen hierzu sind \u00fcbrigens im Buch <a href=\"http:\/\/www.amazon.de\/-Jesus-Proposal-Theological-Framework-Maintaining-Unity-Body-Christ\/dp\/0972842551\/sr=8-2\/qid=1157807091\/ref=sr_1_2\/028-3011226-2460564?ie=UTF8&amp;s=gateway\" target=\"_blank\" rel=\"noopener noreferrer\">&#8220;The Jesus Proposal&#8221;<\/a> zu finden.<\/span><\/p>\n","protected":false},"excerpt":{"rendered":"<p>&#8220;Einigkeit und Recht und Freiheit&#8221; sind Worte aus der deutschen Nationalhymne. Sie beschreiben, was sich viele Deutsche lange Zeit gew\u00fcnscht hatten. Die Freiheit und das Recht bzw. Gerechtigkeit kam nach dem Ende des Dritten Reiches, die Einigkeit 1990 mit der deutschen Wiedervereinigung. Auch im Christentum sehnen sich viele nach Einigkeit und Recht und Freiheit. Nach [&hellip;]<\/p>\n","protected":false},"author":1,"featured_media":0,"comment_status":"open","ping_status":"open","sticky":false,"template":"","format":"standard","meta":{"jetpack_post_was_ever_published":false,"_jetpack_newsletter_access":"","_jetpack_dont_email_post_to_subs":false,"_jetpack_newsletter_tier_id":0,"_jetpack_memberships_contains_paywalled_content":false,"_jetpack_memberships_contains_paid_content":false,"footnotes":""},"categories":[2],"tags":[],"class_list":["post-5838","post","type-post","status-publish","format-standard","hentry","category-allgemein"],"jetpack_featured_media_url":"","jetpack_shortlink":"https:\/\/wp.me\/p4Sdv6-1wa","jetpack_sharing_enabled":true,"_links":{"self":[{"href":"https:\/\/www.projekt-kirche.de\/index.php?rest_route=\/wp\/v2\/posts\/5838","targetHints":{"allow":["GET"]}}],"collection":[{"href":"https:\/\/www.projekt-kirche.de\/index.php?rest_route=\/wp\/v2\/posts"}],"about":[{"href":"https:\/\/www.projekt-kirche.de\/index.php?rest_route=\/wp\/v2\/types\/post"}],"author":[{"embeddable":true,"href":"https:\/\/www.projekt-kirche.de\/index.php?rest_route=\/wp\/v2\/users\/1"}],"replies":[{"embeddable":true,"href":"https:\/\/www.projekt-kirche.de\/index.php?rest_route=%2Fwp%2Fv2%2Fcomments&post=5838"}],"version-history":[{"count":2,"href":"https:\/\/www.projekt-kirche.de\/index.php?rest_route=\/wp\/v2\/posts\/5838\/revisions"}],"predecessor-version":[{"id":7813,"href":"https:\/\/www.projekt-kirche.de\/index.php?rest_route=\/wp\/v2\/posts\/5838\/revisions\/7813"}],"wp:attachment":[{"href":"https:\/\/www.projekt-kirche.de\/index.php?rest_route=%2Fwp%2Fv2%2Fmedia&parent=5838"}],"wp:term":[{"taxonomy":"category","embeddable":true,"href":"https:\/\/www.projekt-kirche.de\/index.php?rest_route=%2Fwp%2Fv2%2Fcategories&post=5838"},{"taxonomy":"post_tag","embeddable":true,"href":"https:\/\/www.projekt-kirche.de\/index.php?rest_route=%2Fwp%2Fv2%2Ftags&post=5838"}],"curies":[{"name":"wp","href":"https:\/\/api.w.org\/{rel}","templated":true}]}}