{"id":5839,"date":"2006-11-01T14:04:59","date_gmt":"2006-11-01T12:04:59","guid":{"rendered":"http:\/\/sschweizer.wordpress.com\/2006\/11\/01\/irdisches-oder-geistliches-denken\/"},"modified":"2020-05-10T18:11:47","modified_gmt":"2020-05-10T16:11:47","slug":"irdisches-oder-geistliches-denken","status":"publish","type":"post","link":"https:\/\/www.projekt-kirche.de\/?p=5839","title":{"rendered":"Irdisches oder geistliches Denken?"},"content":{"rendered":"<div class=\"shariff\" data-title=\"Irdisches oder geistliches Denken?\" data-info-url=\"http:\/\/ct.de\/-2467514\" data-backend-url=\"https:\/\/www.projekt-kirche.de\/wp-content\/plugins\/shariff-sharing\/backend\/index.php\" data-temp=\"\/tmp\" data-ttl=\"60\" data-service=\"gftr\" data-services='[\"googleplus\",\"facebook\",\"twitter\",\"reddit\",\"info\"]' data-image=\"\" data-url=\"https:\/\/www.projekt-kirche.de\/?p=5839\" data-lang=\"de\" data-theme=\"colored\" data-orientation=\"horizontal\"><\/div><p>Am letzten Sonntag habe ich eine sehr gute und tiefgr\u00fcndige Predigt in einer freien Gemeinde bei uns um die Ecke anh\u00f6ren k\u00f6nnen. Es ging um &#8220;irdisches&#8221; und &#8220;geistliches&#8221; Denken.<\/p>\n<p>Wir Christen sollten ja eigentlich in der Lage sein, nicht nur die irdischen (physischen, d.h. anfassbaren) Dinge zu beurteilen, sondern auch die geistlichen (unsichtbaren) Dinge, die zu Gottes Welt geh\u00f6ren.<\/p>\n<p><!--more--><\/p>\n<p><a href=\"https:\/\/www.bibleserver.com\/NLB\/1.Korinther1%2C14-16\" class=\"bibleserver extern\" target=\"_blank\" rel=\"noopener noreferrer\">1. Kor 1,14-16<\/a>: &#8220;Der irdisch gesinnte Mensch aber l\u00e4sst sich nicht auf das ein, was vom Geist Gottes kommt. Torheit ist es f\u00fcr ihn, und er kann es nicht verstehen, weil es nur mit Hilfe des Geistes beurteilt werden kann. Der geisterf\u00fcllte Mensch urteilt \u00fcber alles, ihn aber vermag niemand zu beurteilen. Denn wer begreift den Geist des Herrn? Wer kann ihn belehren? Wir aber haben den Geist Christi.&#8221; (Einheits\u00fcbersetzung E\u00dc).<\/p>\n<p>Der Prediger machte den Punkt, dass man als Christ den fatalen Fehler machen k\u00f6nne, einen Gottesdienst praktisch nur nach den sicht- und h\u00f6rbaren Dingen zu beurteilen. Zu schnell kann man die wichtigere geistliche Wirklichkeit &#8220;\u00fcbersehen&#8221;:<\/p>\n<p>1. dass Jesus mitten unter uns ist (Mat 18,20: &#8220;Denn wo zwei oder drei in meinem Namen versammelt sind, da bin ich mitten unter ihnen.&#8221; E\u00dc)<\/p>\n<p>2. dass wir der Tempel Gottes sind (<a href=\"https:\/\/www.bibleserver.com\/NLB\/1.Korinther3%2C16\" class=\"bibleserver extern\" target=\"_blank\" rel=\"noopener noreferrer\">1. Kor 3,16<\/a>: &#8220;wisst ihr nicht, dass ihr Gottes Tempel seid und der Geist Gottes in euch wohnt?&#8221; E\u00dc)<\/p>\n<p>3. dass wir Teil einer Gemeinschaft sind, die umgeben von Tausenden von Engeln ist (<a href=\"https:\/\/www.bibleserver.com\/NLB\/Hebr%C3%A4er12%2C22-24\" class=\"bibleserver extern\" target=\"_blank\" rel=\"noopener noreferrer\">Heb 12,22-24<\/a>: &#8221; Ihr seid vielmehr zum Berg Zion hingetreten, zur Stadt des lebendigen Gottes, dem himmlischen Jerusalem, zu Tausenden von Engeln, zu einer festlichen Versammlung und zur Gemeinschaft der Erstgeborenen, die im Himmel verzeichnet sind; zu Gott, dem Richter aller, zu den Geistern der schon vollendeten Gerechten, zum Mittler eines neuen Bundes, Jesus, und zum Blut der Besprengung, das m\u00e4chtiger ruft als das Blut Abels.&#8221; E\u00dc)<\/p>\n<p>Wie wichtig nehmen wir also die Versammlungen von Christen, um Gott anzubeten und uns gegenseitig aufzubauen oder wie sehr lassen wir uns von der geistlichen Wirklichkeit ablenken durch Dinge, die uns an der Gottesdienstversammlung st\u00f6ren?<\/p>\n<p><a href=\"https:\/\/www.bibleserver.com\/NLB\/1.Korinther14%2C26\" class=\"bibleserver extern\" target=\"_blank\" rel=\"noopener noreferrer\">1. Kor 14,26<\/a>: &#8220;Was soll also geschehen, Br\u00fcder? Wenn ihr zusammenkommt, tr\u00e4gt jeder etwas bei: einer einen Psalm, ein anderer eine Lehre, der dritte eine Offenbarung; einer redet in Zungen und ein anderer deutet es. Alles geschehe so, dass es aufbaut.&#8221; E\u00dc)<\/p>\n","protected":false},"excerpt":{"rendered":"<p>Am letzten Sonntag habe ich eine sehr gute und tiefgr\u00fcndige Predigt in einer freien Gemeinde bei uns um die Ecke anh\u00f6ren k\u00f6nnen. Es ging um &#8220;irdisches&#8221; und &#8220;geistliches&#8221; Denken. Wir Christen sollten ja eigentlich in der Lage sein, nicht nur die irdischen (physischen, d.h. anfassbaren) Dinge zu beurteilen, sondern auch die geistlichen (unsichtbaren) Dinge, die [&hellip;]<\/p>\n","protected":false},"author":1,"featured_media":0,"comment_status":"open","ping_status":"open","sticky":false,"template":"","format":"standard","meta":{"jetpack_post_was_ever_published":false,"_jetpack_newsletter_access":"","_jetpack_dont_email_post_to_subs":false,"_jetpack_newsletter_tier_id":0,"_jetpack_memberships_contains_paywalled_content":false,"_jetpack_memberships_contains_paid_content":false,"footnotes":""},"categories":[2],"tags":[],"class_list":["post-5839","post","type-post","status-publish","format-standard","hentry","category-allgemein"],"jetpack_featured_media_url":"","jetpack_shortlink":"https:\/\/wp.me\/p4Sdv6-1wb","jetpack_sharing_enabled":true,"_links":{"self":[{"href":"https:\/\/www.projekt-kirche.de\/index.php?rest_route=\/wp\/v2\/posts\/5839","targetHints":{"allow":["GET"]}}],"collection":[{"href":"https:\/\/www.projekt-kirche.de\/index.php?rest_route=\/wp\/v2\/posts"}],"about":[{"href":"https:\/\/www.projekt-kirche.de\/index.php?rest_route=\/wp\/v2\/types\/post"}],"author":[{"embeddable":true,"href":"https:\/\/www.projekt-kirche.de\/index.php?rest_route=\/wp\/v2\/users\/1"}],"replies":[{"embeddable":true,"href":"https:\/\/www.projekt-kirche.de\/index.php?rest_route=%2Fwp%2Fv2%2Fcomments&post=5839"}],"version-history":[{"count":4,"href":"https:\/\/www.projekt-kirche.de\/index.php?rest_route=\/wp\/v2\/posts\/5839\/revisions"}],"predecessor-version":[{"id":8618,"href":"https:\/\/www.projekt-kirche.de\/index.php?rest_route=\/wp\/v2\/posts\/5839\/revisions\/8618"}],"wp:attachment":[{"href":"https:\/\/www.projekt-kirche.de\/index.php?rest_route=%2Fwp%2Fv2%2Fmedia&parent=5839"}],"wp:term":[{"taxonomy":"category","embeddable":true,"href":"https:\/\/www.projekt-kirche.de\/index.php?rest_route=%2Fwp%2Fv2%2Fcategories&post=5839"},{"taxonomy":"post_tag","embeddable":true,"href":"https:\/\/www.projekt-kirche.de\/index.php?rest_route=%2Fwp%2Fv2%2Ftags&post=5839"}],"curies":[{"name":"wp","href":"https:\/\/api.w.org\/{rel}","templated":true}]}}