{"id":5850,"date":"2018-09-26T07:58:17","date_gmt":"2018-09-26T05:58:17","guid":{"rendered":"http:\/\/www.projekt-kirche.de\/?p=5834"},"modified":"2020-05-08T17:03:40","modified_gmt":"2020-05-08T15:03:40","slug":"und-er-sandte-sie-aus-das-reich-gottes-zu-verkuenden","status":"publish","type":"post","link":"https:\/\/www.projekt-kirche.de\/?p=5850","title":{"rendered":"Und er sandte sie aus, das Reich Gottes zu verk\u00fcnden"},"content":{"rendered":"<div class=\"shariff\" data-title=\"Und er sandte sie aus, das Reich Gottes zu verk\u00fcnden\" data-info-url=\"http:\/\/ct.de\/-2467514\" data-backend-url=\"https:\/\/www.projekt-kirche.de\/wp-content\/plugins\/shariff-sharing\/backend\/index.php\" data-temp=\"\/tmp\" data-ttl=\"60\" data-service=\"gftr\" data-services='[\"googleplus\",\"facebook\",\"twitter\",\"reddit\",\"info\"]' data-image=\"\" data-url=\"https:\/\/www.projekt-kirche.de\/?p=5850\" data-lang=\"de\" data-theme=\"colored\" data-orientation=\"horizontal\"><\/div><p>Auch heute noch ist die Hauptaufgabe der Christen, die gute Nachricht von Jesus Christus zu verk\u00fcnden und weiter zu geben. In Deutschland ist die christliche Mission, zumindest in den beiden gro\u00dfen Kirchen fast vollst\u00e4ndig zum Erliegen gekommen. Kein Glaube, kein Mut, keine Ideen.<\/p>\n<p>Das kann man mit der Liebe zu Jesus nicht vereinbaren. Das ist praktisch Verrat unseres Glaubens. Wie k\u00f6nnen wir denken, dass er nicht wertvoll und wichtig genug ist, um Menschen daf\u00fcr gewinnen zu wollen?<\/p>\n<p>Dazu Papst Johannes Paul II. (1920-2005):<\/p>\n<p><!--more--><\/p>\n<blockquote><p>In unserer Zeit, mit einer Menschheit in Bewegung und auf der Suche, braucht es einen neuen Ansto\u00df zur Missionst\u00e4tigkeit der Kirche. Die Horizonte und die M\u00f6glichkeiten der Mission weiten sich aus, und wir Christen sind aufgerufen zu apostolischem Mut, der auf das Vertrauen in den Geist gegr\u00fcndet ist. Er ist die Hauptfigur der Mission! Zahlreich sind in der Geschichte der Menschheit die Zeitenwenden, die zu einer missionarischen Dynamik anregen. Die Kirche hat, gef\u00fchrt vom Geist, darauf immer mit Gro\u00dfmut und Weitblick geantwortet. Es gab dabei gute Ergebnisse. Vor kurzem wurde die Tausendjahrfeier der Evangelisierung Ru\u00dflands und der Slawischen V\u00f6lker begangen. Derzeit bereiten wir die Feier des f\u00fcnfhundertsten Jahrestages der Evangelisierung Amerikas vor. In der letzten Zeit gab es auch festliche Jahrhundertfeiern im Gedenken an die ersten Missionen in verschiedenen L\u00e4ndern Asiens, Afrikas und Ozeaniens. Heute sieht die Kirche sich mit anderen Herausforderungen konfrontiert; sie mu\u00df zu neuen Ufern aufbrechen, sei es in ihrer Erstmission ad gentes, sei es in der Neuevangelisierung von V\u00f6lkern, die die Botschaft von Christus schon erhalten haben. Heute wird von allen Christen, von den Ortskirchen und von der Weltkirche derselbe Mut verlangt, der die Missionare der Vergangenheit bewegt hat und dieselbe Verf\u00fcgbarkeit, um die Stimme des Geistes zu h\u00f6ren. (Enzyklika \u201eRedemptoris missio\u201c, \u00a730, \u00a9 Libreria Editrice Vaticana, zitiert aus <a href=\"http:\/\/www.evangeliumtagfuertag.org\">Evangelium Tag f\u00fcr Tag<\/a>)<\/p><\/blockquote>\n","protected":false},"excerpt":{"rendered":"<p>Auch heute noch ist die Hauptaufgabe der Christen, die gute Nachricht von Jesus Christus zu verk\u00fcnden und weiter zu geben. In Deutschland ist die christliche Mission, zumindest in den beiden gro\u00dfen Kirchen fast vollst\u00e4ndig zum Erliegen gekommen. Kein Glaube, kein Mut, keine Ideen. Das kann man mit der Liebe zu Jesus nicht vereinbaren. Das ist [&hellip;]<\/p>\n","protected":false},"author":1,"featured_media":0,"comment_status":"open","ping_status":"open","sticky":false,"template":"","format":"standard","meta":{"jetpack_post_was_ever_published":false,"_jetpack_newsletter_access":"","_jetpack_dont_email_post_to_subs":false,"_jetpack_newsletter_tier_id":0,"_jetpack_memberships_contains_paywalled_content":false,"_jetpack_memberships_contains_paid_content":false,"footnotes":""},"categories":[2],"tags":[],"class_list":["post-5850","post","type-post","status-publish","format-standard","hentry","category-allgemein"],"jetpack_featured_media_url":"","jetpack_shortlink":"https:\/\/wp.me\/p4Sdv6-1wm","jetpack_sharing_enabled":true,"_links":{"self":[{"href":"https:\/\/www.projekt-kirche.de\/index.php?rest_route=\/wp\/v2\/posts\/5850","targetHints":{"allow":["GET"]}}],"collection":[{"href":"https:\/\/www.projekt-kirche.de\/index.php?rest_route=\/wp\/v2\/posts"}],"about":[{"href":"https:\/\/www.projekt-kirche.de\/index.php?rest_route=\/wp\/v2\/types\/post"}],"author":[{"embeddable":true,"href":"https:\/\/www.projekt-kirche.de\/index.php?rest_route=\/wp\/v2\/users\/1"}],"replies":[{"embeddable":true,"href":"https:\/\/www.projekt-kirche.de\/index.php?rest_route=%2Fwp%2Fv2%2Fcomments&post=5850"}],"version-history":[{"count":1,"href":"https:\/\/www.projekt-kirche.de\/index.php?rest_route=\/wp\/v2\/posts\/5850\/revisions"}],"predecessor-version":[{"id":6129,"href":"https:\/\/www.projekt-kirche.de\/index.php?rest_route=\/wp\/v2\/posts\/5850\/revisions\/6129"}],"wp:attachment":[{"href":"https:\/\/www.projekt-kirche.de\/index.php?rest_route=%2Fwp%2Fv2%2Fmedia&parent=5850"}],"wp:term":[{"taxonomy":"category","embeddable":true,"href":"https:\/\/www.projekt-kirche.de\/index.php?rest_route=%2Fwp%2Fv2%2Fcategories&post=5850"},{"taxonomy":"post_tag","embeddable":true,"href":"https:\/\/www.projekt-kirche.de\/index.php?rest_route=%2Fwp%2Fv2%2Ftags&post=5850"}],"curies":[{"name":"wp","href":"https:\/\/api.w.org\/{rel}","templated":true}]}}