{"id":6015,"date":"2018-11-14T10:06:35","date_gmt":"2018-11-14T08:06:35","guid":{"rendered":"https:\/\/projektkirchede.wordpress.com\/?p=6015"},"modified":"2020-05-08T17:09:31","modified_gmt":"2020-05-08T15:09:31","slug":"ueber-die-dankbarkeit","status":"publish","type":"post","link":"https:\/\/www.projekt-kirche.de\/?p=6015","title":{"rendered":"\u00dcber die Dankbarkeit"},"content":{"rendered":"<div class=\"shariff\" data-title=\"\u00dcber die Dankbarkeit\" data-info-url=\"http:\/\/ct.de\/-2467514\" data-backend-url=\"https:\/\/www.projekt-kirche.de\/wp-content\/plugins\/shariff-sharing\/backend\/index.php\" data-temp=\"\/tmp\" data-ttl=\"60\" data-service=\"gftr\" data-services='[\"googleplus\",\"facebook\",\"twitter\",\"reddit\",\"info\"]' data-image=\"\" data-url=\"https:\/\/www.projekt-kirche.de\/?p=6015\" data-lang=\"de\" data-theme=\"colored\" data-orientation=\"horizontal\"><\/div><p>Warum sind wir oft nicht wirklich gl\u00fccklich?<\/p>\n<p>Weil die Umst\u00e4nde so doof sind, die Menschen um uns herum so nerven oder wir das nicht bekommen, was wir uns w\u00fcnschen?<\/p>\n<p>Wir beten regelm\u00e4\u00dfig um Besserung unseres Lebens, aber warum erh\u00f6rt Gott uns h\u00e4ufig nicht?<\/p>\n<p>Kann es vielleicht (auch) an mangelnder Dankbarkeit liegen?<\/p>\n<p><!--more--><\/p>\n<p>Der Zisterzienserm\u00f6nch und Kirchenlehrer Bernhard von Clairevaux (1091-1153) sagte dazu in einer seiner Predigten:<\/p>\n<blockquote><p>In unseren Tagen sieht man viele Menschen, die beten, aber leider keine, die umkehren und Gott danken [&#8230;] \u201eSind nicht zehn rein geworden? Wo sind die neun?\u201c Ihr erinnert euch sicher, so glaube ich, dass sich der Herr mit diesen Worten beklagt hat \u00fcber die Undankbarkeit der neun anderen Auss\u00e4tzigen. Wir lesen, dass sie sehr wohl wussten, wie man betet, erfleht und bittet, denn sie haben ihre Stimme erhoben, um zu schreien: \u201eJesus, Meister, hab Erbarmen mit uns!\u201c Doch ihnen fehlte eine vierte Eigenschaft, die der Apostel Paulus einfordert: die \u201eDanksagung\u201c (<a href=\"https:\/\/www.bibleserver.com\/NLB\/1.Timotheus2%2C1\" class=\"bibleserver extern\" target=\"_blank\" rel=\"noopener noreferrer\">1 Tim 2,1<\/a>), denn sie sind nicht umgekehrt und haben Gott nicht gedankt. Wir sehen ja auch in unseren Tagen eine gewisse Zahl von Menschen, die Gott inst\u00e4ndig um das bitten, was ihnen fehlt, aber man sieht nur wenige, die dankbar zu sein scheinen \u00fcber die Wohltaten, die sie empfangen haben. Es ist nichts Schlechtes, inst\u00e4ndig zu bitten. Was aber dazu f\u00fchrt, dass Gott uns nicht erh\u00f6rt, ist, dass es uns an Dankbarkeit mangelt. Nach allem, was wir gesagt haben, ist es vielleicht ein Akt der Gro\u00dfmut seinerseits, den Undankbaren nicht zu gew\u00e4hren, was sie erbitten, damit sie nicht noch strenger gerichtet werden aufgrund ihrer Undankbarkeit [&#8230;] Aus Barmherzigkeit also h\u00e4lt Gott manchmal seine Barmherzigkeit zur\u00fcck [&#8230;] Ihr seht also, dass nicht alle, die geheilt wurden von dem Aussatz der Welt \u2013 ich meine von augenscheinlichen Verirrungen \u2013 einen Gewinn ziehen aus ihrer Heilung. Mehrere sind denn auch verborgenerweise befallen von einem Geschw\u00fcr, das schlimmer ist als der Aussatz, jedoch weitaus gef\u00e4hrlicher, da es tiefer im Inneren verborgen ist. Deshalb fragt der Erl\u00f6ser der Welt zurecht danach, wo die neun anderen Auss\u00e4tzigen sind, denn die S\u00fcnder entfernen sich vom Heil. Deshalb fragt Gott den ersten Menschen, nachdem er ges\u00fcndigt hatte: \u201eWo bist Du?\u201c (<a href=\"https:\/\/www.bibleserver.com\/NLB\/1.Mose3%2C9\" class=\"bibleserver extern\" target=\"_blank\" rel=\"noopener noreferrer\">Gen 3,9<\/a>). (Verschiedene Predigten, Nr. 27, trad. \u00a9 <a href=\"https:\/\/evangeliumtagfuertag.org\/DE\/gospel\">evangelizo<\/a>)<\/p><\/blockquote>\n","protected":false},"excerpt":{"rendered":"<p>Warum sind wir oft nicht wirklich gl\u00fccklich? Weil die Umst\u00e4nde so doof sind, die Menschen um uns herum so nerven oder wir das nicht bekommen, was wir uns w\u00fcnschen? Wir beten regelm\u00e4\u00dfig um Besserung unseres Lebens, aber warum erh\u00f6rt Gott uns h\u00e4ufig nicht? Kann es vielleicht (auch) an mangelnder Dankbarkeit liegen?<\/p>\n","protected":false},"author":1,"featured_media":6014,"comment_status":"open","ping_status":"open","sticky":false,"template":"","format":"standard","meta":{"jetpack_post_was_ever_published":false,"_jetpack_newsletter_access":"","_jetpack_dont_email_post_to_subs":false,"_jetpack_newsletter_tier_id":0,"_jetpack_memberships_contains_paywalled_content":false,"_jetpack_memberships_contains_paid_content":false,"footnotes":""},"categories":[2],"tags":[],"class_list":["post-6015","post","type-post","status-publish","format-standard","has-post-thumbnail","hentry","category-allgemein"],"jetpack_featured_media_url":"https:\/\/i0.wp.com\/www.projekt-kirche.de\/wp-content\/uploads\/2018\/11\/pexels-photo-424517.jpeg?fit=1880%2C1253&ssl=1","jetpack_shortlink":"https:\/\/wp.me\/p4Sdv6-1z1","jetpack_sharing_enabled":true,"_links":{"self":[{"href":"https:\/\/www.projekt-kirche.de\/index.php?rest_route=\/wp\/v2\/posts\/6015","targetHints":{"allow":["GET"]}}],"collection":[{"href":"https:\/\/www.projekt-kirche.de\/index.php?rest_route=\/wp\/v2\/posts"}],"about":[{"href":"https:\/\/www.projekt-kirche.de\/index.php?rest_route=\/wp\/v2\/types\/post"}],"author":[{"embeddable":true,"href":"https:\/\/www.projekt-kirche.de\/index.php?rest_route=\/wp\/v2\/users\/1"}],"replies":[{"embeddable":true,"href":"https:\/\/www.projekt-kirche.de\/index.php?rest_route=%2Fwp%2Fv2%2Fcomments&post=6015"}],"version-history":[{"count":4,"href":"https:\/\/www.projekt-kirche.de\/index.php?rest_route=\/wp\/v2\/posts\/6015\/revisions"}],"predecessor-version":[{"id":8459,"href":"https:\/\/www.projekt-kirche.de\/index.php?rest_route=\/wp\/v2\/posts\/6015\/revisions\/8459"}],"wp:featuredmedia":[{"embeddable":true,"href":"https:\/\/www.projekt-kirche.de\/index.php?rest_route=\/wp\/v2\/media\/6014"}],"wp:attachment":[{"href":"https:\/\/www.projekt-kirche.de\/index.php?rest_route=%2Fwp%2Fv2%2Fmedia&parent=6015"}],"wp:term":[{"taxonomy":"category","embeddable":true,"href":"https:\/\/www.projekt-kirche.de\/index.php?rest_route=%2Fwp%2Fv2%2Fcategories&post=6015"},{"taxonomy":"post_tag","embeddable":true,"href":"https:\/\/www.projekt-kirche.de\/index.php?rest_route=%2Fwp%2Fv2%2Ftags&post=6015"}],"curies":[{"name":"wp","href":"https:\/\/api.w.org\/{rel}","templated":true}]}}