{"id":616,"date":"2008-12-26T14:25:33","date_gmt":"2008-12-26T13:25:33","guid":{"rendered":"http:\/\/sschweizer.wordpress.com\/?p=616"},"modified":"2022-05-29T15:20:45","modified_gmt":"2022-05-29T13:20:45","slug":"warum-ich-mich-mit-dem-katholischen-glauben-beschaftige-teil-2","status":"publish","type":"post","link":"https:\/\/www.projekt-kirche.de\/?p=616","title":{"rendered":"Warum ich mich mit dem katholischen Glauben besch\u00e4ftige (Teil 2)"},"content":{"rendered":"<div class=\"shariff\" data-title=\"Warum ich mich mit dem katholischen Glauben besch\u00e4ftige (Teil 2)\" data-info-url=\"http:\/\/ct.de\/-2467514\" data-backend-url=\"https:\/\/www.projekt-kirche.de\/wp-content\/plugins\/shariff-sharing\/backend\/index.php\" data-temp=\"\/tmp\" data-ttl=\"60\" data-service=\"gftr\" data-services='[\"googleplus\",\"facebook\",\"twitter\",\"reddit\",\"info\"]' data-image=\"\" data-url=\"https:\/\/www.projekt-kirche.de\/?p=616\" data-lang=\"de\" data-theme=\"colored\" data-orientation=\"horizontal\"><\/div><p>Im <a title=\"Warum ich mich mit dem katholischen Glauben besch\u00e4ftige (Teil 1)\" href=\"http:\/\/blog.projekt-kirche.de\/?p=586\">ersten Teil meines Artikels &#8220;Warum ich mich mit dem katholischen Glauben besch\u00e4ftige&#8221;<\/a> habe ich die Vorgeschichte erz\u00e4hlt, wie ich dazu kam, mich mit dem Thema &#8220;S\u00e4uglingstaufe&#8221; zu besch\u00e4ftigen.<\/p>\n<p>Es war zun\u00e4chst gar nicht so einfach, fundiertes Material zu diesem Thema zu finden. Auf den Websites der katholischen Kirche fand ich z.B. nur sehr oberfl\u00e4chliche Begr\u00fcndungen, die mich nicht \u00fcberzeugen konnten.<\/p>\n<p>Auch sonstige Websites im Internet waren meist nicht besonders tauglich, da oft sehr voreingenommen und zumindest teilweise sachlich unzuverl\u00e4ssig bzw. einfach falsch. Selbst in der ansonsten ziemlich guten Enzyklop\u00e4die <a title=\"Wikipedia\" href=\"http:\/\/de.wikipedia.org\/wiki\/Wikipedia:Hauptseite\" target=\"_blank\" rel=\"noopener noreferrer\">Wikipedia <\/a>waren teilweise historische Fakten falsch interpretiert worden (z.B. was Tertullian \u00fcber die Kindertaufe schrieb, <a title=\"Wikipedia-Diskussionsseite\" href=\"http:\/\/de.wikipedia.org\/wiki\/Diskussion:Kindertaufe#von_Anfang_an_umstritten.3F\" target=\"_blank\" rel=\"noopener noreferrer\">siehe Diskussionsseite<\/a>). Mittlerweile wurde auf Wikipedia der <a title=\"Wikipedia\" href=\"http:\/\/de.wikipedia.org\/wiki\/Kindertaufe\" target=\"_blank\" rel=\"noopener noreferrer\">Artikel \u00fcber &#8220;Kindertaufe&#8221; <\/a>\u00fcberarbeitet und korrigiert, so dass man dort jetzt m.E. eine ganz gute Einf\u00fchrung findet.<\/p>\n<p>Die besten, ausgewogensten und sachlich fundiertesten B\u00fccher, die ich zum Thema &#8220;S\u00e4uglingstaufe&#8221; finden konnte sind \u00fcbrigens folgende:<\/p>\n<ul>\n<li><a href=\"http:\/\/www.amazon.de\/Taufe-fr%C3%BChchristlicher-Zeit-Gerhard-Barth\/dp\/3788718404\/ref=sr_1_1?ie=UTF8&amp;s=books&amp;qid=1207476012&amp;sr=8-1\" target=\"_blank\" rel=\"noopener noreferrer\">Die Taufe in fr\u00fchchristlicher Zeit (Gerhard Barth)<\/a><\/li>\n<li><a href=\"http:\/\/www.amazon.de\/Die-Lehre-Taufe-Edmund-Schlink\/dp\/B0000BUIPT\/ref=sr_1_11?ie=UTF8&amp;s=books&amp;qid=1209800066&amp;sr=8-11\">Die Lehre von der Taufe (Edmund Schlink)<\/a><\/li>\n<\/ul>\n<p>Entgegen der landl\u00e4ufigen Meinung ist die S\u00e4uglingstaufe KEINE Erfindung der katholischen Kirche, sondern wurde historisch nachweisbar von Anfang an praktiziert. Zumindest fand sich bislang kein (wirklich) gegenteiliger Beleg (siehe \u00fcbrigens auch <a class=\"external text\" title=\"http:\/\/www.ccel.org\/ccel\/schaff\/hcc2.v.vii.xv.html\" href=\"http:\/\/www.ccel.org\/ccel\/schaff\/hcc2.v.vii.xv.html\" rel=\"nofollow\">History of the Christian Church II: \u00a773 Infant Baptism (Philip Schaff)<\/a> und<a title=\"Infant Baptism (Steve Ray)\" href=\"http:\/\/www.catholic-convert.com\/Portals\/0\/InfantBaptism.pdf\" target=\"_blank\" rel=\"noopener noreferrer\"> &#8220;Infant Baptism&#8221;<\/a> von Steve Ray im &#8220;Catholic Dictionary of Apologetics and Evangelism&#8221;).<\/p>\n<p><!--more--><\/p>\n<p>Der christliche Schriftsteller und Theologe <a title=\"Wikipedia\" href=\"http:\/\/de.wikipedia.org\/wiki\/Origenes\" target=\"_blank\" rel=\"noopener noreferrer\">Origenes <\/a>(185-254 n.Chr.) z.B. sagt, dass die Apostel \u00fcberliefert h\u00e4tten, dass man S\u00e4uglinge taufen solle:<\/p>\n<blockquote><p>The Church received from the apostles the tradition of giving baptism even to infants. The apostles, to whom were committed the secrets of divine sacraments, knew there is in everyone innate strains of [original] sin, which must be washed away through water and the Spirit&#8221; (<em>Commentaries on Romans 5:9 <\/em>[248 n.Chr.], siehe <a title=\"StayCatholic.com\" href=\"https:\/\/staycatholic.com\/ecf-on-baptism\/\" target=\"_blank\" rel=\"noopener\" data-wplink-edit=\"true\">The Early Church Fathers on Baptism<\/a>).<\/p><\/blockquote>\n<p>Nachdem alle anderen fr\u00fchen Christen wie z.B. der Kirchenvater <a title=\"Wikipedia\" href=\"http:\/\/de.wikipedia.org\/wiki\/Iren%C3%A4us_von_Lyon\" target=\"_blank\" rel=\"noopener noreferrer\">Iren\u00e4us<\/a> (135-202 n.Chr.) die Praxis der S\u00e4uglingstaufe best\u00e4tigten, kann die Tatsache, dass die S\u00e4uglingstaufe seit den Aposteln praktiziert wurde eigentlich nicht bestritten werden:<\/p>\n<blockquote><p>&#8220;Mit drei\u00dfig Jahren wurde er [Jesus] getauft, dann kam er in dem f\u00fcr einen Lehrer richtigen Alter nach Jerusalem, so da\u00df er mit Recht von allen Lehrer sich nennen h\u00f6rte. Denn nicht schien er ein anderer zu sein, als er war, wie es die m\u00f6chten, die ihn als eine blo\u00dfe Erscheinung auffassen, sondern was er war, das schien er auch. Da er also als Lehrer auftrat, hatte er auch das Alter des Lehrers, indem er die menschliche Natur weder verschm\u00e4hte, noch \u00fcberholte, noch in sich das Gesetz des menschlichen Geschlechtes aufhob, sondern jedes Alter durch die \u00c4hnlichkeit mit ihm heiligte. <span style=\"color:#0000ff;\">Ist er doch gekommen, um alle zu retten, alle, die durch ihn f\u00fcr Gott wiedergeboren werden, die S\u00e4uglinge und die Kleinen, die Kinder, die J\u00fcnglinge und die Greise.<\/span> So durchlebte er jedes Lebensalter, wurde den S\u00e4uglingen zuliebe ein S\u00e4ugling und heiligte die S\u00e4uglinge; wurde den Kindern zuliebe ein Kind und heiligte die, welche in diesem Alter stehen, indem er Ihnen das Vorbild der Fr\u00f6mmigkeit, der Gerechtigkeit und des Gehorsames gab; wurde den J\u00fcnglingen zuliebe ein J\u00fcngling, wurde ihnen ein Vorbild und heiligte sie f\u00fcr den Herrn. So wurde er auch den M\u00e4nnern zuliebe ein Mann, um allen ein vollkommener Lehrer zu sein, nicht nur, indem er die Wahrheit vortrug, sondern auch dem Alter nach, indem er auch die M\u00e4nner heiligte, indem er ihnen zum Vorbild wurde. Und schlie\u00dflich schritt er auch zum Tode, damit er, der Erstgeborene aus den Toten, auch selbst in allem den Vorrang behaupte (<span style=\"color:#000000;\"><span class=\"a4text\"><a href=\"https:\/\/www.bibleserver.com\/NLB\/Kolosser1%2C18\" class=\"bibleserver extern\" target=\"_blank\" rel=\"noopener\">Kol 1,18<\/a>)<\/span><\/span>. Er, der F\u00fcrst des Lebens und der erste von allen, wollte auch allen voranleuchten. (<a title=\"Wikipedia\" href=\"http:\/\/de.wikipedia.org\/wiki\/Iren%C3%A4us_von_Lyon\" target=\"_blank\" rel=\"noopener noreferrer\">Iren\u00e4us<\/a> &#8211; <a title=\"Bibliothek der Kichenv\u00e4ter\" href=\"http:\/\/www.unifr.ch\/bkv\/kapitel634-3.htm\" target=\"_blank\" rel=\"noopener noreferrer\">Gegen die H\u00e4resien (Contra Haereses), 2. Buch, Kap. 22<\/a>, <a title=\"Bibliothek der Kichenv\u00e4ter\" href=\"http:\/\/www.unifr.ch\/bkv\/index.htm\" target=\"_blank\" rel=\"noopener noreferrer\">Bibiothek der Kirchenv\u00e4ter<\/a>)<\/p><\/blockquote>\n<p>Zu diesem Thema g\u00e4be es noch viel zu sagen (und zu diskutieren), um dies abzuk\u00fcrzen m\u00f6chte ich jedoch auf die genannten B\u00fccher und Artikel verweisen. Darin werden eigentlich alle (auch kritischen) Fragen behandelt.<\/p>\n<p>Damit war f\u00fcr mich erstmal &#8220;bewiesen&#8221;, dass die S\u00e4uglingstaufe von Anfang an praktiziert wurde. Die theologische Begr\u00fcndung hierzu, war damit jedoch noch nicht gekl\u00e4rt. Die katholische Kirche glaubt (vor allem aufgrund der theologischen Durchdenkung des Themas durch <a title=\"Wikipedia\" href=\"http:\/\/de.wikipedia.org\/wiki\/Augustinus\" target=\"_blank\" rel=\"noopener noreferrer\">Augustinus<\/a>), dass ein (ungetaufter) Mensch zwei Arten von S\u00fcnden in sich hat. Die urspr\u00fcngliche S\u00fcnde (oft missverst\u00e4ndlich &#8220;Erbs\u00fcnde&#8221; genannt), die vom sog. S\u00fcndenfall Adam und Evas herr\u00fchrt und f\u00fcr die der heutige Mensch NICHT selbst verantwortlich ist. Und die S\u00fcnden, die der Mensch selbst begeht.<\/p>\n<p>Ein S\u00e4ugling hat demnach (da er noch nicht s\u00fcndigen kann aufgrund des fehlenden Bewusstseins und Verstands hierzu) nur die urspr\u00fcngliche S\u00fcnde &#8220;anhaften&#8221;, ein m\u00fcndiger Mensch jedoch beide: die urspr\u00fcngliche S\u00fcnde und selbst begangene S\u00fcnden. De Taufe w\u00e4scht beide Arten von S\u00fcnden ab.<\/p>\n<p>Da es im Johannes-Evangelium ganz allgemein hei\u00dft:<\/p>\n<blockquote><p>&#8220;Jesus antwortete: Amen, amen, ich sage dir: Wenn jemand nicht aus Wasser und Geist geboren wird, kann er nicht in das Reich Gottes kommen.&#8221; (<span style=\"color:#000000;\"><span class=\"a4text\"><a href=\"https:\/\/www.bibleserver.com\/NLB\/Johannes3%2C5\" class=\"bibleserver extern\" target=\"_blank\" rel=\"noopener\">Joh 3,5<\/a>)<\/span><\/span><\/p><\/blockquote>\n<p>muss also auch ein S\u00e4ugling getauft werden.<\/p>\n<p>Falls \u00fcbrigens ein S\u00e4ugling ungetauft sterben sollte, hofft die katholische Kirche auf die Gnade Gottes, dass er dennoch gerettet wird. Schlie\u00dflich konnte der S\u00e4ugling ja noch nichts f\u00fcr seine eigene Rettung tun.<\/p>\n<p>So, jetzt habe ich das Thema &#8220;S\u00e4uglingstaufe&#8221; doch etwas ausf\u00fchrlicher behandelt wie geplant (wobei immer noch viel zu kurz, um alle Fragen beantworten zu k\u00f6nnen).<\/p>\n<p>Was bedeutete das Ergebnis jetzt f\u00fcr mich?<\/p>\n<p>F\u00fcr mich war damit klar, dass ich viele Jahre lang andere Christen und christliche Gemeinschaften daf\u00fcr zu Unrecht kritisiert hatte, dass sie die S\u00e4uglingstaufe als g\u00fcltig akzeptierten. Noch dazu sprach ich den Kirchen, die die S\u00e4uglingstaufe praktizierten (vor allem die katholische und evangelische Kirche) eigentlich ihren Kirchenstatus ab! Aus Unwissenheit habe ich also gravierend ges\u00fcndigt! Nur gut, dass ich noch nie &#8220;offiziell&#8221; \u00fcber dieses Thema in einer christlichen Gemeinschaft gelehrt habe. Sonst h\u00e4tte ich wom\u00f6glich eine Menge Menschen (ohne es zu wollen) in die Irre gef\u00fchrt.<\/p>\n<p>Dadurch dass die S\u00e4uglingstaufe also doch einen apostolischen Ursprung hat (und darauf kommt es an, da in der Bibel zu diesem Thema nichts wirklich Eindeutiges drinsteht; die Stellen zur Taufe sind i.d.R. n\u00e4mlich allgemein gehalten und lassen sich oft nur auf m\u00fcndige Menschen anwenden wie z.B. die Bedingungen &#8220;Umkehr&#8221; und &#8220;Glaube&#8221; f\u00fcr die Taufe erwachsener Menschen), war die katholische Kirche somit wieder zu einer &#8220;Option&#8221; f\u00fcr mich geworden.<\/p>\n<p>Zudem stellte ich mit der Zeit fest, dass die katholische Kirche (als einzige mir bekannte Kirche neben der orthodoxen Kirche) genau das lehrt, was die ersten Christen und die Kirchenlehrer auch lehrten.<\/p>\n<p>Deshalb machte ich mich dran den katholischen Glauben genauer unter die Lupe zu nehmen. Aber das erz\u00e4hle ich im <a title=\"Warum ich mich mit dem katholischen Glauben besch\u00e4ftige (Teil 3)\" href=\"http:\/\/blog.projekt-kirche.de\/?p=647\">n\u00e4chsten Teil<\/a>.<\/p>\n","protected":false},"excerpt":{"rendered":"<p>Im ersten Teil meines Artikels &#8220;Warum ich mich mit dem katholischen Glauben besch\u00e4ftige&#8221; habe ich die Vorgeschichte erz\u00e4hlt, wie ich dazu kam, mich mit dem Thema &#8220;S\u00e4uglingstaufe&#8221; zu besch\u00e4ftigen. Es war zun\u00e4chst gar nicht so einfach, fundiertes Material zu diesem Thema zu finden. Auf den Websites der katholischen Kirche fand ich z.B. nur sehr oberfl\u00e4chliche [&hellip;]<\/p>\n","protected":false},"author":1,"featured_media":0,"comment_status":"open","ping_status":"open","sticky":false,"template":"","format":"standard","meta":{"jetpack_post_was_ever_published":false,"_jetpack_newsletter_access":"","_jetpack_dont_email_post_to_subs":false,"_jetpack_newsletter_tier_id":0,"_jetpack_memberships_contains_paywalled_content":false,"_jetpack_memberships_contains_paid_content":false,"footnotes":""},"categories":[2],"tags":[195,196,254],"class_list":["post-616","post","type-post","status-publish","format-standard","hentry","category-allgemein","tag-katholischer-glaube","tag-kindertaufe","tag-sauglingstaufe"],"jetpack_featured_media_url":"","jetpack_shortlink":"https:\/\/wp.me\/p4Sdv6-9W","jetpack_sharing_enabled":true,"_links":{"self":[{"href":"https:\/\/www.projekt-kirche.de\/index.php?rest_route=\/wp\/v2\/posts\/616","targetHints":{"allow":["GET"]}}],"collection":[{"href":"https:\/\/www.projekt-kirche.de\/index.php?rest_route=\/wp\/v2\/posts"}],"about":[{"href":"https:\/\/www.projekt-kirche.de\/index.php?rest_route=\/wp\/v2\/types\/post"}],"author":[{"embeddable":true,"href":"https:\/\/www.projekt-kirche.de\/index.php?rest_route=\/wp\/v2\/users\/1"}],"replies":[{"embeddable":true,"href":"https:\/\/www.projekt-kirche.de\/index.php?rest_route=%2Fwp%2Fv2%2Fcomments&post=616"}],"version-history":[{"count":8,"href":"https:\/\/www.projekt-kirche.de\/index.php?rest_route=\/wp\/v2\/posts\/616\/revisions"}],"predecessor-version":[{"id":9358,"href":"https:\/\/www.projekt-kirche.de\/index.php?rest_route=\/wp\/v2\/posts\/616\/revisions\/9358"}],"wp:attachment":[{"href":"https:\/\/www.projekt-kirche.de\/index.php?rest_route=%2Fwp%2Fv2%2Fmedia&parent=616"}],"wp:term":[{"taxonomy":"category","embeddable":true,"href":"https:\/\/www.projekt-kirche.de\/index.php?rest_route=%2Fwp%2Fv2%2Fcategories&post=616"},{"taxonomy":"post_tag","embeddable":true,"href":"https:\/\/www.projekt-kirche.de\/index.php?rest_route=%2Fwp%2Fv2%2Ftags&post=616"}],"curies":[{"name":"wp","href":"https:\/\/api.w.org\/{rel}","templated":true}]}}