{"id":647,"date":"2008-12-27T09:54:56","date_gmt":"2008-12-27T08:54:56","guid":{"rendered":"http:\/\/sschweizer.wordpress.com\/?p=647"},"modified":"2022-05-29T15:26:34","modified_gmt":"2022-05-29T13:26:34","slug":"warum-ich-mich-mit-dem-katholischen-glauben-beschaftige-teil-3","status":"publish","type":"post","link":"https:\/\/www.projekt-kirche.de\/?p=647","title":{"rendered":"Warum ich mich mit dem katholischen Glauben besch\u00e4ftige (Teil 3)"},"content":{"rendered":"<div class=\"shariff\" data-title=\"Warum ich mich mit dem katholischen Glauben besch\u00e4ftige (Teil 3)\" data-info-url=\"http:\/\/ct.de\/-2467514\" data-backend-url=\"https:\/\/www.projekt-kirche.de\/wp-content\/plugins\/shariff-sharing\/backend\/index.php\" data-temp=\"\/tmp\" data-ttl=\"60\" data-service=\"gftr\" data-services='[\"googleplus\",\"facebook\",\"twitter\",\"reddit\",\"info\"]' data-image=\"\" data-url=\"https:\/\/www.projekt-kirche.de\/?p=647\" data-lang=\"de\" data-theme=\"colored\" data-orientation=\"horizontal\"><\/div><p>Im <a title=\"Warum ich mich mit dem katholischen Glauben besch\u00e4ftige (Teil 2)\" href=\"http:\/\/blog.projekt-kirche.de\/?p=616\">zweiten Teil meines Artikels \u201cWarum ich mich mit dem katholischen Glauben besch\u00e4ftige\u201d<\/a> habe ich kurz die \u201cS\u00e4uglingstaufe\u201d behandelt. In diesem dritten und letzten Teil gehe ich kurz auf den katholischen Gottesdienst ein.<\/p>\n<p>Ich hatte mich als Kind schon immer im katholischen Gottesdienst gelangweilt (ich bin katholisch getauft und aufgewachsen). Der Pfarrer nuschelte und war kaum zu verstehen. Nur wenige Dinge ber\u00fchrten mein Herz wie z.B. der &#8220;Spruch&#8221; vor der Kommunion: &#8220;Ich bin nicht w\u00fcrdig, dass du eingehst unter mein Dach. Aber sprich nur ein Wort, so wird meine Seele gesund&#8221;. Dieser von <a href=\"https:\/\/www.bibleserver.com\/NLB\/Matth%C3%A4us8%2C8\" class=\"bibleserver extern\" target=\"_blank\" rel=\"noopener\">Mt 8,8<\/a> leicht abgewandelte Ausspruch bezieht sich &#8211; wie ich erst seit kurzem herausgefunden habe &#8211; auf den Empfang der Hostie durch die Gl\u00e4ubigen, der nach katholischen Glauben der Leib Christi ist.<\/p>\n<p>Ich vermute mal, dass es den meisten Katholiken \u00e4hnlich erging wie mir, n\u00e4mlich, dass sie viele Dinge einfach nicht wussten, weil es ihnen nie richtig erkl\u00e4rt wurde. Das ist meines Erachtens auch eine gro\u00dfe Schw\u00e4che der katholischen Kirche: das praktische Lehren (\u00fcber Bibel, Glaube, christliches Leben) ist m.E. absolut unterentwickelt. Das war aber nicht immer so. Wie gesagt war z.B. <a title=\"Wikipedia\" href=\"http:\/\/de.wikipedia.org\/wiki\/Chrysostomos\" target=\"_blank\" rel=\"noopener noreferrer\">Johannes Chrysostomus<\/a> (4.Jh.) ein ausgezeichneter Lehrer und Prediger.<\/p>\n<p><!--more--><\/p>\n<p>Wie dem auch sei, mein zweiter gro\u00dfer Kritikpunkt an der katholischen Kirche waren ja die &#8220;toten frommen Riten&#8221;. Diese manifestierten sich m.E. vor allem in der katholischen Messe. Umso erstaunter war ich als ich feststellen musste, dass die &#8220;Form&#8221; des heutigen katholischen Gottesdienstes aus der fr\u00fchchristlichen Zeit (3.Jh., Rom) stammt und inhaltlich eigentlich absolut geistlich und tiefsinnig ist:<\/p>\n<blockquote><p>O Gott, Vater unseres Herrn Jesus Christus, Vater der Barmherzigkeit und Gott alles Trostes, der in den H\u00f6hen wohnt und auf das Kleinste schaut, der Alles wei\u00df, bevor es geschieht, der du der Kirche die Einrichtungen gegeben hast, durch dessen Befehl es geschieht, da\u00df von Adam her ein gerechtes Geschlecht blieb nach Art dieses Bischofs, der den gro\u00dfen Abraham repr\u00e4sentiert; der du die F\u00fcrstent\u00fcmer und Pr\u00e4laturen eingesetzt hast: siehe herab auf deinen Diener N. und erteile ihm deine Kraft und den wirksamen heiligen Geist, den du durch unsern Herrn Jesus Christus, deinen eingebornen Sohn, den heiligen Aposteln verliehen hast, welche die Kirche aller Orten zur Ehre und zum Ruhme deines heiligen Namens gegr\u00fcndet haben. Der du das Herz eines Jeden kennst, verleihe ihm, dein Volk ohne S\u00fcnde zu sehen und wert zu sein, deine gro\u00dfe, heilige Herde zu weiden. Bewirke auch, da\u00df er ohne Wanken in seinen Sitten dem ganzen Volke vorleuchte. Bewirke auch, da\u00df seiner Tugend Alle nacheifern und nimm seine Gebete und Gaben, die er dir bei Tage und bei Nacht darbringen wird, an und la\u00df&#8217; sie dir ein reiner Wohlgeruch sein. Verleihe ihm auch, o Herr, mit dem Bischofsamte einen milden Geist und die Gewalt, die S\u00fcnden zu vergeben, und die Macht, alle Banden der teuflischen Bosheit zu l\u00f6sen und alle Krankheiten zu heilen, und vernichte alsbald den Satan unter seinen F\u00fc\u00dfen durch unsern Herrn Jesus Christus, durch den dir mit ihm und dem hl. Geiste Ehre in alle Ewigkeit. Amen.<\/p>\n<p>Darauf sollen sich Alle zu ihm wenden und ihm den Friedensku\u00df geben, weil er es verdient.<\/p>\n<p>Darauf bringe der Diakon die Gabe, und der zum Bisch\u00f6fe Geweihte lege zugleich mit den Priestern auf die Gabe die H\u00e4nde, indem er sagt: \u201eDie Gnade des Herrn (sei) mit Allen.&#8221; Das Volk antworte: \u201eUnd mit deinem Geiste.&#8221; Er (der Celebrans) sage: \u201eLa\u00dft uns (die Herzen) erheben.&#8221; Das Volk antworte: \u201eWir haben sie zum Herrn&#8221; (erhoben). Er (der Celebrans) sage: \u201eLa\u00dft uns Dank sagen dem Herrn.&#8221; Und das Volk antworte: \u201eEs ist w\u00fcrdig und gerecht.&#8221; Dann aber sage er (der Celebrans) das Gebet und vollende das Me\u00dfopfer.<\/p>\n<p>Wenn \u00d6l da ist, so bete er \u00fcber dasselbe, ist keines da, dann nur die \u00fcbrigen Gebetchen. Sind Erstlinge von e\u00dfbaren Feldfr\u00fcchten gebracht, so bete er \u00fcber sie und segne die Erzeugnisse, die ihm gebracht sind, damit er \u00fcber sie bete; auch sollen \u00fcber die einzelnen Gegenst\u00e4nde die besonderen Gebete verrichtet und am Ende jedes einzelnen Gebets soll gesagt werden: \u201eEhre sei dir, Vater und Sohn und hl. Geist in alle Ewigkeit. Amen.&#8221;<br \/>\n(<a title=\"Wikipedia\" href=\"http:\/\/de.wikipedia.org\/wiki\/Hippolytus\" target=\"_blank\" rel=\"noopener noreferrer\">Hippolytus von Rom<\/a> (\u2020 um 235) &#8211; <a title=\"Canones (Bibliothek der Kirchenv\u00e4ter)\" href=\"http:\/\/www.unifr.ch\/bkv\/kapitel2684-3.htm\" target=\"_blank\" rel=\"noopener noreferrer\">Canones, 3. Canon<\/a>, <a title=\"Bibliothek der Kichenv\u00e4ter\" href=\"http:\/\/www.unifr.ch\/bkv\/index.htm\" target=\"_blank\" rel=\"noopener noreferrer\">Bibliothek der Kirchenv\u00e4ter<\/a>)<\/p><\/blockquote>\n<p>Klingt schon ziemlich katholisch, oder?<\/p>\n<p>Der Punkt ist, dass die fr\u00fchen Christen katholisch WAREN.<\/p>\n<ul>\n<li>Wo aber ist die protestantische Theologie geblieben?<\/li>\n<li>Gab es wirklich ein radikales Abdriften der fr\u00fchen Kirche von der (biblischen) Wahrheit?<\/li>\n<li>Wann war das genau?<\/li>\n<li>Warum gab es keinen Protest (au\u00dfer von echten H\u00e4retikern, die z.B. die leibhafte Auferstehung Jesu leugneten)?<\/li>\n<\/ul>\n<p>Es gibt da noch viele andere Fragen, wie z.B. wie der lutherische Grundsatz &#8220;Sola Scriptura&#8221; f\u00fcr die ersten Christen habe gelten sollen, wenn der <a title=\"Wikipedia\" href=\"http:\/\/de.wikipedia.org\/wiki\/Biblischer_Kanon\" target=\"_blank\" rel=\"noopener noreferrer\">Kanon<\/a> des Neuen Testaments der Bibel doch erst Ende des 4.Jh. (von \u00fcbrigens katholischen Bisch\u00f6fen) festgelegt wurde?<\/p>\n<p>Ich denke, dass jetzt vielleicht klarer wird, warum ich mich ernsthaft mit dem katholischen Glauben und der katholischen Kirche auseinandersetze. Ich lese zur Zeit sehr viele B\u00fccher zu diesen Themen, die alle sehr interessant sind.<\/p>\n<p>Hier mal eine Empfehlung von Schriften und B\u00fccher, f\u00fcr diejenigen, die sich auch daf\u00fcr interessieren:<\/p>\n<ul>\n<li><a title=\"Amazon\" href=\"http:\/\/www.amazon.de\/Lehrbuch-Geschichte-Alten-Kirche-Frank\/dp\/3506726013\/ref=sr_1_1?ie=UTF8&amp;s=books&amp;qid=1230366360&amp;sr=8-1\" target=\"_blank\" rel=\"noopener noreferrer\">Lehrbuch der Geschichte der Alten Kirche (Karl S. Frank)<\/a><\/li>\n<li><a title=\"StayCatholic.com\" href=\"https:\/\/staycatholic.com\/free-ebooks\/\" target=\"_blank\" rel=\"noopener\">And You Will Know The Truth (Sebastian R. Fama)<\/a><\/li>\n<li><a title=\"Scripture Catholic\" href=\"http:\/\/www.scripturecatholic.com\/\" target=\"_blank\" rel=\"noopener noreferrer\">Scripture Catholic (John Salza)<\/a><\/li>\n<li><a title=\"Biblical Evidence for Catholicism\" href=\"http:\/\/socrates58.blogspot.com\/\" target=\"_blank\" rel=\"noopener noreferrer\">Biblical Evidence for Catholicism (Dave Armstrong, siehe eBooks)<\/a><\/li>\n<li><a title=\"Amazon\" href=\"http:\/\/www.amazon.de\/s\/ref=nb_ss_b?__mk_de_DE=%C5M%C5Z%D5%D1&amp;url=search-alias%3Dstripbooks&amp;field-keywords=Gott+ja%2C+Kirche+nein.&amp;x=0&amp;y=0\" target=\"_blank\" rel=\"noopener noreferrer\">Gott ja, Kirche nein. (Guido Horst)<\/a><\/li>\n<li><a title=\"Amazon\" href=\"http:\/\/www.amazon.de\/exec\/obidos\/search-handle-url?_encoding=UTF8&amp;search-type=ss&amp;index=books-de&amp;field-author=Scott%20Hahn\" target=\"_blank\" rel=\"noopener noreferrer\">B\u00fccher von Scott Hahn<\/a> (siehe auch <a title=\"Website von Scott Hahn\" href=\"http:\/\/www.scotthahn.com\/\" target=\"_blank\" rel=\"noopener noreferrer\">seine Website<\/a>)<a title=\"Amazon\" href=\"http:\/\/www.amazon.de\/exec\/obidos\/search-handle-url?_encoding=UTF8&amp;search-type=ss&amp;index=books-de&amp;field-author=Scott%20Hahn\" target=\"_blank\" rel=\"noopener noreferrer\"><\/a><\/li>\n<li><a title=\"Website von Steve Ray\" href=\"http:\/\/www.catholic-convert.com\/Default.aspx?tabid=36\" target=\"_blank\" rel=\"noopener noreferrer\">Defenders of the Catholic Faith (Steve Ray)<\/a><\/li>\n<li><a title=\"Website von Robert Gollwitzer\" href=\"http:\/\/www.katholisch-leben.org\/\" target=\"_blank\" rel=\"noopener noreferrer\">Katholisch Leben! (Robert) <\/a><\/li>\n<li><a title=\"BOL\" href=\"http:\/\/www.bol.de\/shop\/home\/suchartikel\/catholicism_and_fundamentalism_the_attack_on_romanism_by_bible_c\/karl_keating\/ISBN0-89870-177-5\/ID3302668.html?jumpId=3839202\" target=\"_blank\" rel=\"noopener noreferrer\">Catholicism and Fundamentalism: The Attack on &#8220;Romanism&#8221; by &#8220;Bible Christians&#8221; (Karl Keating<\/a>)<\/li>\n<\/ul>\n","protected":false},"excerpt":{"rendered":"<p>Im zweiten Teil meines Artikels \u201cWarum ich mich mit dem katholischen Glauben besch\u00e4ftige\u201d habe ich kurz die \u201cS\u00e4uglingstaufe\u201d behandelt. In diesem dritten und letzten Teil gehe ich kurz auf den katholischen Gottesdienst ein. Ich hatte mich als Kind schon immer im katholischen Gottesdienst gelangweilt (ich bin katholisch getauft und aufgewachsen). Der Pfarrer nuschelte und war [&hellip;]<\/p>\n","protected":false},"author":1,"featured_media":0,"comment_status":"open","ping_status":"open","sticky":false,"template":"","format":"standard","meta":{"jetpack_post_was_ever_published":false,"_jetpack_newsletter_access":"","_jetpack_dont_email_post_to_subs":false,"_jetpack_newsletter_tier_id":0,"_jetpack_memberships_contains_paywalled_content":false,"_jetpack_memberships_contains_paid_content":false,"footnotes":""},"categories":[2],"tags":[219],"class_list":["post-647","post","type-post","status-publish","format-standard","hentry","category-allgemein","tag-messe"],"jetpack_featured_media_url":"","jetpack_shortlink":"https:\/\/wp.me\/p4Sdv6-ar","jetpack_sharing_enabled":true,"_links":{"self":[{"href":"https:\/\/www.projekt-kirche.de\/index.php?rest_route=\/wp\/v2\/posts\/647","targetHints":{"allow":["GET"]}}],"collection":[{"href":"https:\/\/www.projekt-kirche.de\/index.php?rest_route=\/wp\/v2\/posts"}],"about":[{"href":"https:\/\/www.projekt-kirche.de\/index.php?rest_route=\/wp\/v2\/types\/post"}],"author":[{"embeddable":true,"href":"https:\/\/www.projekt-kirche.de\/index.php?rest_route=\/wp\/v2\/users\/1"}],"replies":[{"embeddable":true,"href":"https:\/\/www.projekt-kirche.de\/index.php?rest_route=%2Fwp%2Fv2%2Fcomments&post=647"}],"version-history":[{"count":5,"href":"https:\/\/www.projekt-kirche.de\/index.php?rest_route=\/wp\/v2\/posts\/647\/revisions"}],"predecessor-version":[{"id":9359,"href":"https:\/\/www.projekt-kirche.de\/index.php?rest_route=\/wp\/v2\/posts\/647\/revisions\/9359"}],"wp:attachment":[{"href":"https:\/\/www.projekt-kirche.de\/index.php?rest_route=%2Fwp%2Fv2%2Fmedia&parent=647"}],"wp:term":[{"taxonomy":"category","embeddable":true,"href":"https:\/\/www.projekt-kirche.de\/index.php?rest_route=%2Fwp%2Fv2%2Fcategories&post=647"},{"taxonomy":"post_tag","embeddable":true,"href":"https:\/\/www.projekt-kirche.de\/index.php?rest_route=%2Fwp%2Fv2%2Ftags&post=647"}],"curies":[{"name":"wp","href":"https:\/\/api.w.org\/{rel}","templated":true}]}}