{"id":6681,"date":"2018-12-25T13:46:42","date_gmt":"2018-12-25T13:46:42","guid":{"rendered":"https:\/\/www.projekt-kirche.de\/?p=6681"},"modified":"2020-05-09T03:29:55","modified_gmt":"2020-05-09T01:29:55","slug":"frohe-weihnachten","status":"publish","type":"post","link":"https:\/\/www.projekt-kirche.de\/?p=6681","title":{"rendered":"Frohe Weihnachten&#8230;"},"content":{"rendered":"<div class=\"shariff\" data-title=\"Frohe Weihnachten&#8230;\" data-info-url=\"http:\/\/ct.de\/-2467514\" data-backend-url=\"https:\/\/www.projekt-kirche.de\/wp-content\/plugins\/shariff-sharing\/backend\/index.php\" data-temp=\"\/tmp\" data-ttl=\"60\" data-service=\"gftr\" data-services='[\"googleplus\",\"facebook\",\"twitter\",\"reddit\",\"info\"]' data-image=\"\" data-url=\"https:\/\/www.projekt-kirche.de\/?p=6681\" data-lang=\"de\" data-theme=\"colored\" data-orientation=\"horizontal\"><\/div><p>&#8230; w\u00fcnsche ich allen Lesern!<\/p>\n<p>Endlich hat sich das ereignet, worauf die ganze Menschheit (bewusst oder unbewusst) gewartet hat.<\/p>\n<p><!--more--><\/p>\n<p>Der Retter ist geboren, der uns statt dieser verg\u00e4nglich Welt mit all dem Leid ein ewiges Leben in Gl\u00fcckseligkeit schenken m\u00f6chte.<\/p>\n<p>Machen wir die Tore unserer Herzen auch dieses Jahr wieder auf, damit unser K\u00f6nig Jesus Christus dort einziehen kann, um uns so zu neuen Gesch\u00f6pfen zu machen.<\/p>\n","protected":false},"excerpt":{"rendered":"<p>&#8230; w\u00fcnsche ich allen Lesern! Endlich hat sich das ereignet, worauf die ganze Menschheit (bewusst oder unbewusst) gewartet hat.<\/p>\n","protected":false},"author":1,"featured_media":6680,"comment_status":"open","ping_status":"open","sticky":false,"template":"","format":"standard","meta":{"jetpack_post_was_ever_published":false,"_jetpack_newsletter_access":"","_jetpack_dont_email_post_to_subs":false,"_jetpack_newsletter_tier_id":0,"_jetpack_memberships_contains_paywalled_content":false,"_jetpack_memberships_contains_paid_content":false,"footnotes":""},"categories":[2],"tags":[296],"class_list":["post-6681","post","type-post","status-publish","format-standard","has-post-thumbnail","hentry","category-allgemein","tag-weihnachten"],"jetpack_featured_media_url":"https:\/\/i0.wp.com\/www.projekt-kirche.de\/wp-content\/uploads\/2018\/12\/pexels-photo-1667587.jpeg?fit=1880%2C1258&ssl=1","jetpack_shortlink":"https:\/\/wp.me\/p4Sdv6-1JL","jetpack_sharing_enabled":true,"_links":{"self":[{"href":"https:\/\/www.projekt-kirche.de\/index.php?rest_route=\/wp\/v2\/posts\/6681","targetHints":{"allow":["GET"]}}],"collection":[{"href":"https:\/\/www.projekt-kirche.de\/index.php?rest_route=\/wp\/v2\/posts"}],"about":[{"href":"https:\/\/www.projekt-kirche.de\/index.php?rest_route=\/wp\/v2\/types\/post"}],"author":[{"embeddable":true,"href":"https:\/\/www.projekt-kirche.de\/index.php?rest_route=\/wp\/v2\/users\/1"}],"replies":[{"embeddable":true,"href":"https:\/\/www.projekt-kirche.de\/index.php?rest_route=%2Fwp%2Fv2%2Fcomments&post=6681"}],"version-history":[{"count":2,"href":"https:\/\/www.projekt-kirche.de\/index.php?rest_route=\/wp\/v2\/posts\/6681\/revisions"}],"predecessor-version":[{"id":6683,"href":"https:\/\/www.projekt-kirche.de\/index.php?rest_route=\/wp\/v2\/posts\/6681\/revisions\/6683"}],"wp:featuredmedia":[{"embeddable":true,"href":"https:\/\/www.projekt-kirche.de\/index.php?rest_route=\/wp\/v2\/media\/6680"}],"wp:attachment":[{"href":"https:\/\/www.projekt-kirche.de\/index.php?rest_route=%2Fwp%2Fv2%2Fmedia&parent=6681"}],"wp:term":[{"taxonomy":"category","embeddable":true,"href":"https:\/\/www.projekt-kirche.de\/index.php?rest_route=%2Fwp%2Fv2%2Fcategories&post=6681"},{"taxonomy":"post_tag","embeddable":true,"href":"https:\/\/www.projekt-kirche.de\/index.php?rest_route=%2Fwp%2Fv2%2Ftags&post=6681"}],"curies":[{"name":"wp","href":"https:\/\/api.w.org\/{rel}","templated":true}]}}