{"id":6693,"date":"2018-12-28T10:48:47","date_gmt":"2018-12-28T10:48:47","guid":{"rendered":"https:\/\/www.projekt-kirche.de\/?p=6693"},"modified":"2020-05-10T02:57:14","modified_gmt":"2020-05-10T00:57:14","slug":"ueber-das-leben-als-kind-gottes","status":"publish","type":"post","link":"https:\/\/www.projekt-kirche.de\/?p=6693","title":{"rendered":"\u00dcber das Leben als Kind Gottes"},"content":{"rendered":"<div class=\"shariff\" data-title=\"\u00dcber das Leben als Kind Gottes\" data-info-url=\"http:\/\/ct.de\/-2467514\" data-backend-url=\"https:\/\/www.projekt-kirche.de\/wp-content\/plugins\/shariff-sharing\/backend\/index.php\" data-temp=\"\/tmp\" data-ttl=\"60\" data-service=\"gftr\" data-services='[\"googleplus\",\"facebook\",\"twitter\",\"reddit\",\"info\"]' data-image=\"\" data-url=\"https:\/\/www.projekt-kirche.de\/?p=6693\" data-lang=\"de\" data-theme=\"colored\" data-orientation=\"horizontal\"><\/div><p>Heute gibt es einen sehr sch\u00f6nen und tiefen Text \u00fcber das Leben als Kind Gottes in einer Welt voller Unw\u00e4gbarkeiten und Leid von der Hl. Theresia Benedicta a Cruce [Edith Stein] (1891-1942), Karmelitin, M\u00e4rtyrerin, Mitpatronin Europas:<\/p>\n<p><!--more--><\/p>\n<blockquote><p>Wohin es uns auf dieser Erde f\u00fchren will, das wissen wir nicht und sollen wir nicht vor der Zeit fragen. Nur das wissen wir, dass denen, die den Herrn lieben, alle Dinge zum Guten gereichen. Und ferner, dass die Wege, die der Heiland f\u00fchrt, \u00fcber diese Erde hinausgehen. O admirabile commercium! Creator generis humani, animatum corpus sumens, largitus est nobis suam Deitatem. [O wunderbarer Tausch! Der den Menschen erschuf, nimmt menschliches Leben an [&#8230;] und schenkte uns sein g\u00f6ttliches Leben (Antiphon in der Weihnachtszeit)]. Zu diesem wunderbaren Tauschhandel ist ja der Erl\u00f6ser auf die Welt gekommen. Gott ward ein Menschenkind, damit die Menschenkinder Gotteskinder werden k\u00f6nnten. [&#8230;] Gotteskind sein hei\u00dft an Gottes Hand gehen, Gottes Willen, nicht den eigenen Willen tun, alle Sorgen und alle Hoffnung in Gottes Hand legen, nicht mehr selbst um sich und seine Zukunft sorgen. Darauf beruhen die Freiheit und Fr\u00f6hlichkeit des Gotteskindes. [&#8230;] Gott ist Mensch geworden, um uns an seinem Leben aufs neue Anteil zu geben. [&#8230;] Die menschliche Natur, die er annahm, gab ihm die M\u00f6glichkeit zu leiden und zu sterben. [&#8230;] Leiden und sterben muss jeder Mensch. Aber wenn er lebendiges Glied am Leibe Christi ist, dann bekommt sein Leiden und Sterben durch die Gottheit des Hauptes erl\u00f6sende Kraft. [&#8230;] In der Nacht der S\u00fcnde strahlt der Stern von Bethlehem auf. Auf den Lichtglanz, der von der Krippe ausgeht, f\u00e4llt der Schatten des Kreuzes. Das Licht erlischt im Dunkel des Karfreitags, aber es steigt strahlender auf als Gnadensonne am Auferstehungsmorgen. Per passionem et crucem ad resurrectionis gloriam ist der Weg des fleischgewordenen Gottessohnes. Mit dem Menschensohn durch Leiden und Tod zur Herrlichkeit der Auferstehung ist der Weg f\u00fcr jeden von uns, f\u00fcr die ganze Menschheit. (Edith-Stein-Gesamtausgabe, Band 19, Geistliche Texte I, 1. Teil, 3. Corpus Christi mysticum, S. 7\u201313, zitiert aus <a href=\"http:\/\/www.evangeliumtagfuertag.org\">Evangelium Tag f\u00fcr Tag<\/a>).<\/p><\/blockquote>\n","protected":false},"excerpt":{"rendered":"<p>Heute gibt es einen sehr sch\u00f6nen und tiefen Text \u00fcber das Leben als Kind Gottes in einer Welt voller Unw\u00e4gbarkeiten und Leid von der Hl. Theresia Benedicta a Cruce [Edith Stein] (1891-1942), Karmelitin, M\u00e4rtyrerin, Mitpatronin Europas:<\/p>\n","protected":false},"author":1,"featured_media":6692,"comment_status":"open","ping_status":"open","sticky":false,"template":"","format":"standard","meta":{"jetpack_post_was_ever_published":false,"_jetpack_newsletter_access":"","_jetpack_dont_email_post_to_subs":false,"_jetpack_newsletter_tier_id":0,"_jetpack_memberships_contains_paywalled_content":false,"_jetpack_memberships_contains_paid_content":false,"footnotes":""},"categories":[2],"tags":[],"class_list":["post-6693","post","type-post","status-publish","format-standard","has-post-thumbnail","hentry","category-allgemein"],"jetpack_featured_media_url":"https:\/\/i0.wp.com\/www.projekt-kirche.de\/wp-content\/uploads\/2018\/12\/edith-stein.jpg?fit=400%2C400&ssl=1","jetpack_shortlink":"https:\/\/wp.me\/p4Sdv6-1JX","jetpack_sharing_enabled":true,"_links":{"self":[{"href":"https:\/\/www.projekt-kirche.de\/index.php?rest_route=\/wp\/v2\/posts\/6693","targetHints":{"allow":["GET"]}}],"collection":[{"href":"https:\/\/www.projekt-kirche.de\/index.php?rest_route=\/wp\/v2\/posts"}],"about":[{"href":"https:\/\/www.projekt-kirche.de\/index.php?rest_route=\/wp\/v2\/types\/post"}],"author":[{"embeddable":true,"href":"https:\/\/www.projekt-kirche.de\/index.php?rest_route=\/wp\/v2\/users\/1"}],"replies":[{"embeddable":true,"href":"https:\/\/www.projekt-kirche.de\/index.php?rest_route=%2Fwp%2Fv2%2Fcomments&post=6693"}],"version-history":[{"count":3,"href":"https:\/\/www.projekt-kirche.de\/index.php?rest_route=\/wp\/v2\/posts\/6693\/revisions"}],"predecessor-version":[{"id":6696,"href":"https:\/\/www.projekt-kirche.de\/index.php?rest_route=\/wp\/v2\/posts\/6693\/revisions\/6696"}],"wp:featuredmedia":[{"embeddable":true,"href":"https:\/\/www.projekt-kirche.de\/index.php?rest_route=\/wp\/v2\/media\/6692"}],"wp:attachment":[{"href":"https:\/\/www.projekt-kirche.de\/index.php?rest_route=%2Fwp%2Fv2%2Fmedia&parent=6693"}],"wp:term":[{"taxonomy":"category","embeddable":true,"href":"https:\/\/www.projekt-kirche.de\/index.php?rest_route=%2Fwp%2Fv2%2Fcategories&post=6693"},{"taxonomy":"post_tag","embeddable":true,"href":"https:\/\/www.projekt-kirche.de\/index.php?rest_route=%2Fwp%2Fv2%2Ftags&post=6693"}],"curies":[{"name":"wp","href":"https:\/\/api.w.org\/{rel}","templated":true}]}}