{"id":6909,"date":"2019-03-12T13:48:02","date_gmt":"2019-03-12T12:48:02","guid":{"rendered":"https:\/\/www.projekt-kirche.de\/?p=6909"},"modified":"2020-05-08T17:56:55","modified_gmt":"2020-05-08T15:56:55","slug":"zur-fastenzeit-2","status":"publish","type":"post","link":"https:\/\/www.projekt-kirche.de\/?p=6909","title":{"rendered":"Zur Fastenzeit"},"content":{"rendered":"<div class=\"shariff\" data-title=\"Zur Fastenzeit\" data-info-url=\"http:\/\/ct.de\/-2467514\" data-backend-url=\"https:\/\/www.projekt-kirche.de\/wp-content\/plugins\/shariff-sharing\/backend\/index.php\" data-temp=\"\/tmp\" data-ttl=\"60\" data-service=\"gftr\" data-services='[\"googleplus\",\"facebook\",\"twitter\",\"reddit\",\"info\"]' data-image=\"\" data-url=\"https:\/\/www.projekt-kirche.de\/?p=6909\" data-lang=\"de\" data-theme=\"colored\" data-orientation=\"horizontal\"><\/div><p>Der von mir sehr gesch\u00e4tzte Leo der Gro\u00dfe, Papst und Kirchenlehrer (5.Jh.), \u00e4u\u00dfert in einer seiner Predigten zur Fastenzeit tiefe Gedanken und gibt uns gute geistliche Ratschl\u00e4ge:<\/p>\n<p><!--more--><\/p>\n<blockquote><p>Sollen doch die, welche das Osterfest des Herrn mit geheiligtem Geist und geheiligtem Leib begehen wollen, am meisten nach diesem Gnadengeschenk trachten, das s\u00e4mtliche Tugenden in sich schlie\u00dft und die Menge der S\u00fcnden deckt (<a href=\"https:\/\/www.bibleserver.com\/NLB\/1.Petrus4%2C8\" class=\"bibleserver extern\" target=\"_blank\" rel=\"noopener noreferrer\">1 Petr 4,8<\/a>; vgl. <a href=\"https:\/\/www.bibleserver.com\/NLB\/Spr%C3%BCche10%2C12\" class=\"bibleserver extern\" target=\"_blank\" rel=\"noopener noreferrer\">Spr 10,12<\/a>). Da wir also im Begriff sind, jenes alles \u00fcberragende Geheimnis zu feiern, durch welches Jesus Christus mit seinem Blut unsere Ungerechtigkeiten s\u00fchnte, so m\u00fcssen wir uns in erster Linie durch Opfer der Barmherzigkeit darauf vorbereiten, indem wir das, was Gottes G\u00fcte uns erwiesen hat, auch denen gew\u00e4hren, die gegen uns gefehlt haben. Jede Kr\u00e4nkung m\u00f6ge also vergessen werden und jede Schuld nunmehr straflos bleiben! [&#8230;] Niemand werde in den Strafgef\u00e4ngnissen zur\u00fcckgehalten! [&#8230;] Und wenn jemand solche Leute [&#8230;] nicht freil\u00e4sst, so m\u00f6ge er wissen, dass er selbst ein S\u00fcnder ist! Freuen soll er sich, jemand gefunden zu haben, gegen den er Schonung \u00fcben kann, damit auch ihm Verzeihung zuteilwird! Wenn wir n\u00e4mlich gem\u00e4\u00df g\u00f6ttlicher Unterweisung beten: \u201eUnd vergib uns unsere Schulden, wie auch wir vergeben unseren Schuldigern\u201c (vgl. <a href=\"https:\/\/www.bibleserver.com\/NLB\/Matth%C3%A4us6%2C12\" class=\"bibleserver extern\" target=\"_blank\" rel=\"noopener noreferrer\">Mt 6,12<\/a>), so k\u00f6nnen wir wohl nicht zweifeln, dass wir durch die Art unserer Bitte Gottes Nachsicht erwerben. (S\u00e4mtliche Sermonen 48,4, vgl. Bibliothek der Kirchenv\u00e4ter, M\u00fcnchen 1927, zitiert aus <a href=\"https:\/\/evangeliumtagfuertag.org\/DE\/gospel\">Evangelium Tag f\u00fcr Tag<\/a>)<\/p><\/blockquote>\n","protected":false},"excerpt":{"rendered":"<p>Der von mir sehr gesch\u00e4tzte Leo der Gro\u00dfe, Papst und Kirchenlehrer (5.Jh.), \u00e4u\u00dfert in einer seiner Predigten zur Fastenzeit tiefe Gedanken und gibt uns gute geistliche Ratschl\u00e4ge:<\/p>\n","protected":false},"author":1,"featured_media":6908,"comment_status":"open","ping_status":"open","sticky":false,"template":"","format":"standard","meta":{"jetpack_post_was_ever_published":false,"_jetpack_newsletter_access":"","_jetpack_dont_email_post_to_subs":false,"_jetpack_newsletter_tier_id":0,"_jetpack_memberships_contains_paywalled_content":false,"_jetpack_memberships_contains_paid_content":false,"footnotes":""},"categories":[2],"tags":[234],"class_list":["post-6909","post","type-post","status-publish","format-standard","has-post-thumbnail","hentry","category-allgemein","tag-papst"],"jetpack_featured_media_url":"https:\/\/i0.wp.com\/www.projekt-kirche.de\/wp-content\/uploads\/2019\/03\/leo-i.jpg?fit=200%2C267&ssl=1","jetpack_shortlink":"https:\/\/wp.me\/p4Sdv6-1Nr","jetpack_sharing_enabled":true,"_links":{"self":[{"href":"https:\/\/www.projekt-kirche.de\/index.php?rest_route=\/wp\/v2\/posts\/6909","targetHints":{"allow":["GET"]}}],"collection":[{"href":"https:\/\/www.projekt-kirche.de\/index.php?rest_route=\/wp\/v2\/posts"}],"about":[{"href":"https:\/\/www.projekt-kirche.de\/index.php?rest_route=\/wp\/v2\/types\/post"}],"author":[{"embeddable":true,"href":"https:\/\/www.projekt-kirche.de\/index.php?rest_route=\/wp\/v2\/users\/1"}],"replies":[{"embeddable":true,"href":"https:\/\/www.projekt-kirche.de\/index.php?rest_route=%2Fwp%2Fv2%2Fcomments&post=6909"}],"version-history":[{"count":4,"href":"https:\/\/www.projekt-kirche.de\/index.php?rest_route=\/wp\/v2\/posts\/6909\/revisions"}],"predecessor-version":[{"id":8467,"href":"https:\/\/www.projekt-kirche.de\/index.php?rest_route=\/wp\/v2\/posts\/6909\/revisions\/8467"}],"wp:featuredmedia":[{"embeddable":true,"href":"https:\/\/www.projekt-kirche.de\/index.php?rest_route=\/wp\/v2\/media\/6908"}],"wp:attachment":[{"href":"https:\/\/www.projekt-kirche.de\/index.php?rest_route=%2Fwp%2Fv2%2Fmedia&parent=6909"}],"wp:term":[{"taxonomy":"category","embeddable":true,"href":"https:\/\/www.projekt-kirche.de\/index.php?rest_route=%2Fwp%2Fv2%2Fcategories&post=6909"},{"taxonomy":"post_tag","embeddable":true,"href":"https:\/\/www.projekt-kirche.de\/index.php?rest_route=%2Fwp%2Fv2%2Ftags&post=6909"}],"curies":[{"name":"wp","href":"https:\/\/api.w.org\/{rel}","templated":true}]}}