{"id":6924,"date":"2019-05-01T10:59:28","date_gmt":"2019-05-01T08:59:28","guid":{"rendered":"https:\/\/www.projekt-kirche.de\/?p=6924"},"modified":"2020-05-09T12:29:58","modified_gmt":"2020-05-09T10:29:58","slug":"urspruenge-der-katholischen-liturgie","status":"publish","type":"post","link":"https:\/\/www.projekt-kirche.de\/?p=6924","title":{"rendered":"Urspr\u00fcnge der katholischen Liturgie"},"content":{"rendered":"<div class=\"shariff\" data-title=\"Urspr\u00fcnge der katholischen Liturgie\" data-info-url=\"http:\/\/ct.de\/-2467514\" data-backend-url=\"https:\/\/www.projekt-kirche.de\/wp-content\/plugins\/shariff-sharing\/backend\/index.php\" data-temp=\"\/tmp\" data-ttl=\"60\" data-service=\"gftr\" data-services='[\"googleplus\",\"facebook\",\"twitter\",\"reddit\",\"info\"]' data-image=\"\" data-url=\"https:\/\/www.projekt-kirche.de\/?p=6924\" data-lang=\"de\" data-theme=\"colored\" data-orientation=\"horizontal\"><\/div><p>Eine der Gr\u00fcnde warum ich nach vielen Jahren in einer Freikirche wieder in die katholische Kirche eingetreten bin war der Umstand, dass ich festgestellt hatte, dass die doch manchmal sehr formalistisch und eint\u00f6nig wirkende katholische Liturgie ihren Ursprung in der fr\u00fchen Alten Kirche hat.<\/p>\n<p><!--more--><\/p>\n<p>So beweist Hippolyt von Rom (?-235), Priester und M\u00e4rtyrer, in einem Bericht \u00fcber die damaligen Gottesdienste, dass viele Elemente der heutigen katholischen Liturgie bereits in der sehr fr\u00fchen Christenheit existiert haben:<\/p>\n<blockquote><p>Wenn der Bischof zugegen ist und es Abend geworden ist, bringt der Diakon die Lampe. Und inmitten aller anwesenden Gl\u00e4ubigen wird er Dank sagen. Zun\u00e4chst wird er die Anwesenden gr\u00fc\u00dfen mit den Worten: \u201eDer Herr sei mit euch\u201c, und das Volk wird antworten: \u201eUnd mit deinem Geiste\u201c. \u201e\u2013 Lasset uns danken dem Herrn.\u201c Und das Volk erwidert: \u201eDas ist w\u00fcrdig und recht; Gr\u00f6\u00dfe und Macht kommen ihm zu wie auch die Herrlichkeit\u201c [\u2026] Und dann wird er auf diese Weise beten, indem er spricht: \u201eWir sagen dir Dank, Herr, durch deinen Sohn Jesus Christus, unseren Herrn, durch den du uns erleuchtet hast, indem du uns das Licht offenbart hast, das nicht erlischt. Der Tag hat sich geneigt, und es will Nacht werden. Du hast uns mit dem Licht des Tages ges\u00e4ttigt, das du zu unserer Freude geschaffen hast; so fehlt es uns, durch deine Gnade, auch jetzt nicht an Licht f\u00fcr den Abend. Wir loben und preisen dich durch deinen Sohn Jesus Christus, unseren Herrn. Durch ihn sei dir Ruhm und Ehre und Macht zusammen mit dem Heiligen Geist, jetzt und immerdar und in Ewigkeit. Amen.\u201c Und alle werden sagen: \u201eAmen.\u201c Sie stehen also nach dem Essen auf und beten. Die Kinder sagen Psalmen auf, desgleichen die Jungfrauen. (Die apostolische Tradition, 25, trad. \u00a9 <a href=\"http:\/\/www.evangeliumtagfuertag.org\">Evangelizo<\/a>)<\/p><\/blockquote>\n","protected":false},"excerpt":{"rendered":"<p>Eine der Gr\u00fcnde warum ich nach vielen Jahren in einer Freikirche wieder in die katholische Kirche eingetreten bin war der Umstand, dass ich festgestellt hatte, dass die doch manchmal sehr formalistisch und eint\u00f6nig wirkende katholische Liturgie ihren Ursprung in der fr\u00fchen Alten Kirche hat.<\/p>\n","protected":false},"author":1,"featured_media":6923,"comment_status":"open","ping_status":"open","sticky":false,"template":"","format":"standard","meta":{"jetpack_post_was_ever_published":false,"_jetpack_newsletter_access":"","_jetpack_dont_email_post_to_subs":false,"_jetpack_newsletter_tier_id":0,"_jetpack_memberships_contains_paywalled_content":false,"_jetpack_memberships_contains_paid_content":false,"footnotes":""},"categories":[2],"tags":[],"class_list":["post-6924","post","type-post","status-publish","format-standard","has-post-thumbnail","hentry","category-allgemein"],"jetpack_featured_media_url":"https:\/\/i0.wp.com\/www.projekt-kirche.de\/wp-content\/uploads\/2019\/05\/Hippolyt_von_Rom2.jpg?fit=347%2C498&ssl=1","jetpack_shortlink":"https:\/\/wp.me\/p4Sdv6-1NG","jetpack_sharing_enabled":true,"_links":{"self":[{"href":"https:\/\/www.projekt-kirche.de\/index.php?rest_route=\/wp\/v2\/posts\/6924","targetHints":{"allow":["GET"]}}],"collection":[{"href":"https:\/\/www.projekt-kirche.de\/index.php?rest_route=\/wp\/v2\/posts"}],"about":[{"href":"https:\/\/www.projekt-kirche.de\/index.php?rest_route=\/wp\/v2\/types\/post"}],"author":[{"embeddable":true,"href":"https:\/\/www.projekt-kirche.de\/index.php?rest_route=\/wp\/v2\/users\/1"}],"replies":[{"embeddable":true,"href":"https:\/\/www.projekt-kirche.de\/index.php?rest_route=%2Fwp%2Fv2%2Fcomments&post=6924"}],"version-history":[{"count":1,"href":"https:\/\/www.projekt-kirche.de\/index.php?rest_route=\/wp\/v2\/posts\/6924\/revisions"}],"predecessor-version":[{"id":6925,"href":"https:\/\/www.projekt-kirche.de\/index.php?rest_route=\/wp\/v2\/posts\/6924\/revisions\/6925"}],"wp:featuredmedia":[{"embeddable":true,"href":"https:\/\/www.projekt-kirche.de\/index.php?rest_route=\/wp\/v2\/media\/6923"}],"wp:attachment":[{"href":"https:\/\/www.projekt-kirche.de\/index.php?rest_route=%2Fwp%2Fv2%2Fmedia&parent=6924"}],"wp:term":[{"taxonomy":"category","embeddable":true,"href":"https:\/\/www.projekt-kirche.de\/index.php?rest_route=%2Fwp%2Fv2%2Fcategories&post=6924"},{"taxonomy":"post_tag","embeddable":true,"href":"https:\/\/www.projekt-kirche.de\/index.php?rest_route=%2Fwp%2Fv2%2Ftags&post=6924"}],"curies":[{"name":"wp","href":"https:\/\/api.w.org\/{rel}","templated":true}]}}