{"id":6930,"date":"2019-05-15T08:35:22","date_gmt":"2019-05-15T06:35:22","guid":{"rendered":"https:\/\/www.projekt-kirche.de\/?p=6930"},"modified":"2020-05-09T11:47:43","modified_gmt":"2020-05-09T09:47:43","slug":"nur-die-liebe-erloest","status":"publish","type":"post","link":"https:\/\/www.projekt-kirche.de\/?p=6930","title":{"rendered":"Nur die Liebe erl\u00f6st"},"content":{"rendered":"<div class=\"shariff\" data-title=\"Nur die Liebe erl\u00f6st\" data-info-url=\"http:\/\/ct.de\/-2467514\" data-backend-url=\"https:\/\/www.projekt-kirche.de\/wp-content\/plugins\/shariff-sharing\/backend\/index.php\" data-temp=\"\/tmp\" data-ttl=\"60\" data-service=\"gftr\" data-services='[\"googleplus\",\"facebook\",\"twitter\",\"reddit\",\"info\"]' data-image=\"\" data-url=\"https:\/\/www.projekt-kirche.de\/?p=6930\" data-lang=\"de\" data-theme=\"colored\" data-orientation=\"horizontal\"><\/div><p>Einer der Gr\u00fcnde, warum ich wieder katholisch geworden bin ist Papst Benedikt XVI.<\/p>\n<p>Viele Menschen verbinden leider seine Person in einer eher negativen Weise immer noch nur mit seiner fr\u00fcheren Aufgabe in der Glaubenskongregation.<\/p>\n<p>Aber haben diese Menschen wirklich mal etwas von ihm gelesen?<\/p>\n<p><!--more--><\/p>\n<p>Hier jetzt mal ein sehr sch\u00f6ner und tiefer Text aus seiner Enzyklika \u201eSpe Salvi\u201c \u00fcber die christliche Hoffnung:<\/p>\n<blockquote><p>Nicht die Wissenschaft erl\u00f6st den Menschen. Erl\u00f6st wird der Mensch durch die Liebe. Das gilt zun\u00e4chst im rein innerweltlichen Bereich. Wenn jemand in seinem Leben die gro\u00dfe Liebe erf\u00e4hrt, ist dies ein Augenblick der \u201eErl\u00f6sung\u201c, die seinem Leben einen neuen Sinn gibt. Aber er wird bald auch erkennen, dass die ihm geschenkte Liebe allein die Frage seines Lebens nicht l\u00f6st. Sie bleibt angefochten. Sie kann durch den Tod zerst\u00f6rt werden. Er braucht die unbedingte Liebe. Er braucht jene Gewissheit, die ihn sagen l\u00e4\u00dft: \u201eWeder Tod noch Leben, weder Engel noch M\u00e4chte, weder Gegenw\u00e4rtiges noch Zuk\u00fcnftiges, weder Gewalten der H\u00f6he oder Tiefe noch irgendeine andere Kreatur k\u00f6nnen uns scheiden von der Liebe Gottes, die in Christus Jesus ist, unserem Herrn\u201c (<a href=\"https:\/\/www.bibleserver.com\/NLB\/R%C3%B6mer8%2C38-39\" class=\"bibleserver extern\" target=\"_blank\" rel=\"noopener noreferrer\">R\u00f6m 8,38\u201339<\/a>). Wenn es diese unbedingte Liebe gibt mit ihrer unbedingten Gewissheit, dann \u2013 erst dann \u2013 ist der Mensch \u201eerl\u00f6st\u201c, was immer ihm auch im einzelnen zusto\u00dfen mag. Das ist gemeint, wenn wir sagen: Jesus Christus hat uns \u201eerl\u00f6st\u201c. Durch ihn sind wir Gottes gewi\u00df geworden \u2013 eines Gottes, der nicht eine ferne \u201eErstursache\u201c der Welt darstellt, denn sein eingeborener Sohn ist Mensch geworden, und von ihm kann jeder sagen: \u201eIch lebe im Glauben an den Sohn Gottes, der mich geliebt und sich f\u00fcr mich hingegeben hat\u201c (<a href=\"https:\/\/www.bibleserver.com\/NLB\/Galater2%2C20\" class=\"bibleserver extern\" target=\"_blank\" rel=\"noopener noreferrer\">Gal 2, 20<\/a>). <a href=\"http:\/\/w2.vatican.va\/content\/benedict-xvi\/de\/encyclicals\/documents\/hf_ben-xvi_enc_20071130_spe-salvi.html\">(Enzyklika \u201eSpe Salvi\u201c<\/a>,<br \/>\n\u00a7 26, \u00a9 Libreria Editrice Vaticana)<\/p><\/blockquote>\n","protected":false},"excerpt":{"rendered":"<p>Einer der Gr\u00fcnde, warum ich wieder katholisch geworden bin ist Papst Benedikt XVI. Viele Menschen verbinden leider seine Person in einer eher negativen Weise immer noch nur mit seiner fr\u00fcheren Aufgabe in der Glaubenskongregation. Aber haben diese Menschen wirklich mal etwas von ihm gelesen?<\/p>\n","protected":false},"author":1,"featured_media":6933,"comment_status":"open","ping_status":"open","sticky":false,"template":"","format":"standard","meta":{"jetpack_post_was_ever_published":false,"_jetpack_newsletter_access":"","_jetpack_dont_email_post_to_subs":false,"_jetpack_newsletter_tier_id":0,"_jetpack_memberships_contains_paywalled_content":false,"_jetpack_memberships_contains_paid_content":false,"footnotes":""},"categories":[2],"tags":[],"class_list":["post-6930","post","type-post","status-publish","format-standard","has-post-thumbnail","hentry","category-allgemein"],"jetpack_featured_media_url":"https:\/\/i0.wp.com\/www.projekt-kirche.de\/wp-content\/uploads\/2019\/05\/Datei_Castel_Gandolfo_Papst.jpg?fit=450%2C242&ssl=1","jetpack_shortlink":"https:\/\/wp.me\/p4Sdv6-1NM","jetpack_sharing_enabled":true,"_links":{"self":[{"href":"https:\/\/www.projekt-kirche.de\/index.php?rest_route=\/wp\/v2\/posts\/6930","targetHints":{"allow":["GET"]}}],"collection":[{"href":"https:\/\/www.projekt-kirche.de\/index.php?rest_route=\/wp\/v2\/posts"}],"about":[{"href":"https:\/\/www.projekt-kirche.de\/index.php?rest_route=\/wp\/v2\/types\/post"}],"author":[{"embeddable":true,"href":"https:\/\/www.projekt-kirche.de\/index.php?rest_route=\/wp\/v2\/users\/1"}],"replies":[{"embeddable":true,"href":"https:\/\/www.projekt-kirche.de\/index.php?rest_route=%2Fwp%2Fv2%2Fcomments&post=6930"}],"version-history":[{"count":6,"href":"https:\/\/www.projekt-kirche.de\/index.php?rest_route=\/wp\/v2\/posts\/6930\/revisions"}],"predecessor-version":[{"id":8577,"href":"https:\/\/www.projekt-kirche.de\/index.php?rest_route=\/wp\/v2\/posts\/6930\/revisions\/8577"}],"wp:featuredmedia":[{"embeddable":true,"href":"https:\/\/www.projekt-kirche.de\/index.php?rest_route=\/wp\/v2\/media\/6933"}],"wp:attachment":[{"href":"https:\/\/www.projekt-kirche.de\/index.php?rest_route=%2Fwp%2Fv2%2Fmedia&parent=6930"}],"wp:term":[{"taxonomy":"category","embeddable":true,"href":"https:\/\/www.projekt-kirche.de\/index.php?rest_route=%2Fwp%2Fv2%2Fcategories&post=6930"},{"taxonomy":"post_tag","embeddable":true,"href":"https:\/\/www.projekt-kirche.de\/index.php?rest_route=%2Fwp%2Fv2%2Ftags&post=6930"}],"curies":[{"name":"wp","href":"https:\/\/api.w.org\/{rel}","templated":true}]}}