{"id":6936,"date":"2019-05-23T07:54:39","date_gmt":"2019-05-23T05:54:39","guid":{"rendered":"https:\/\/www.projekt-kirche.de\/?p=6936"},"modified":"2020-05-08T17:59:11","modified_gmt":"2020-05-08T15:59:11","slug":"ueber-die-freude","status":"publish","type":"post","link":"https:\/\/www.projekt-kirche.de\/?p=6936","title":{"rendered":"\u00dcber die Freude"},"content":{"rendered":"<div class=\"shariff\" data-title=\"\u00dcber die Freude\" data-info-url=\"http:\/\/ct.de\/-2467514\" data-backend-url=\"https:\/\/www.projekt-kirche.de\/wp-content\/plugins\/shariff-sharing\/backend\/index.php\" data-temp=\"\/tmp\" data-ttl=\"60\" data-service=\"gftr\" data-services='[\"googleplus\",\"facebook\",\"twitter\",\"reddit\",\"info\"]' data-image=\"\" data-url=\"https:\/\/www.projekt-kirche.de\/?p=6936\" data-lang=\"de\" data-theme=\"colored\" data-orientation=\"horizontal\"><\/div><p>Kann der christliche Glaube mit Freude zu tun haben?<\/p>\n<p>Ist er nicht eher eine (zus\u00e4tzliche) Last, weil er uns teilweise sehr schwierige Gebote auferlegt?<\/p>\n<p><!--more--><\/p>\n<p>Das sah der Hl. Franziskus anders. Ganz im Gegenteil, f\u00fcr ihn war die Freude eine ganz wichtige Sache, um sich vor dem B\u00f6sen sch\u00fctzen zu k\u00f6nnen.<\/p>\n<p>Aber lest selbst, was der Hl. Thomas von Celano (um 1190-1260), Biograph des hl. Franziskus und der hl. Klara, \u00fcber ihn zu diesem Thema schrieb:<\/p>\n<blockquote><p>Das sicherste Mittel gegen tausenderlei Nachstellungen und Listen des b\u00f6sen Feindes ist, wie Franziskus zu versichern pflegte, die geistliche Freude. Er sagte n\u00e4mlich: \u201eDann h\u00fcpft der Teufel am meisten vor Freude, wenn er einem Knecht Gottes die Freude des Geistes entrei\u00dfen kann. Er tr\u00e4gt Staub bei sich, den er nach Belieben in die kleinen Falten des Gewissens hineinwirft, um die Sauberkeit des Gewissens und die Lauterkeit des Lebens zu beschmutzen. Wenn aber\u201c, sagte er, \u201edie geistliche Freude die Herzen erf\u00fcllt, dann spritzt die Schlange vergeblich das t\u00f6dliche Gift aus. Die b\u00f6sen Geister k\u00f6nnen einem Knecht Christi nichts anhaben, wenn sie ihn mit heiliger Fr\u00f6hlichkeit erf\u00fcllt sehen. Wenn jedoch der Geist in kl\u00e4glicher Stimmung trostlos und traurig ist, wird er leicht entweder von der Traurigkeit aufgesogen oder eitlen Freuden \u00fcberlassen.\u201c Daher trachtete der Heilige danach, stets im Jubel des Herzens zu verharren, die Salbung des Geistes und das \u00d6l der Freude zu bewahren (vgl. <a href=\"https:\/\/www.bibleserver.com\/NLB\/Psalm45%2C8\" class=\"bibleserver extern\" target=\"_blank\" rel=\"noopener noreferrer\">Ps 45,8<\/a>). Die Krankheit des \u00dcberdrusses suchte er als die schlimmste mit der gr\u00f6\u00dften Sorgfalt zu vermeiden. Sobald er merkte, dass sie auch nur ein wenig in seinem Geist Eingang gefunden hat, eilte er schnell zum Gebet. Er pflegte n\u00e4mlich zu sagen: \u201eDer Knecht Gottes, der, wie es vorkommen kann, aus irgendeinem Grund verwirrt ist, muss sich sofort zum Gebet erheben und so lange vor dem h\u00f6chsten Vater verharren, bis er ihm die Freude seines Heiles wiedergibt (vgl. <a href=\"https:\/\/www.bibleserver.com\/NLB\/Psalm51%2C14\" class=\"bibleserver extern\" target=\"_blank\" rel=\"noopener noreferrer\">Ps 51,14<\/a>).\u201c [\u2026] Manchmal hob er auch, wie ich mit eigenen Augen gesehen habe, ein Holz vom Boden auf und legte es \u00fcber seinen linken Arm, nahm dann einen kleinen, mit Faden bespannten Bogen in seine Rechte und f\u00fchrte ihn \u00fcber das Holz wie \u00fcber eine Geige. Dazu f\u00fchrte er entsprechende Bewegungen aus und sang in franz\u00f6sischer Sprache vom Herrn. (Zweite Lebensbeschreibung oder Memoriale, \u00a7\u00a7 125.127 (aus: Dieter Berg, Leonhard Lehmann (Hg.), Franziskus-Quellen, \u00a9 2009 Edition Coelde in der Butzon &amp; Bercker GmbH, Kevelaer, S. 369f., www.bube.de, zitiert aus <a href=\"http:\/\/www.evangeliumtagfuertag.org\">Evangelium Tag f\u00fcr Tag<\/a>)<\/p><\/blockquote>\n","protected":false},"excerpt":{"rendered":"<p>Kann der christliche Glaube mit Freude zu tun haben? Ist er nicht eher eine (zus\u00e4tzliche) Last, weil er uns teilweise sehr schwierige Gebote auferlegt?<\/p>\n","protected":false},"author":1,"featured_media":6935,"comment_status":"open","ping_status":"open","sticky":false,"template":"","format":"standard","meta":{"jetpack_post_was_ever_published":false,"_jetpack_newsletter_access":"","_jetpack_dont_email_post_to_subs":false,"_jetpack_newsletter_tier_id":0,"_jetpack_memberships_contains_paywalled_content":false,"_jetpack_memberships_contains_paid_content":false,"footnotes":""},"categories":[2],"tags":[],"class_list":["post-6936","post","type-post","status-publish","format-standard","has-post-thumbnail","hentry","category-allgemein"],"jetpack_featured_media_url":"https:\/\/i0.wp.com\/www.projekt-kirche.de\/wp-content\/uploads\/2019\/05\/pexels-photo.jpg?fit=1300%2C1300&ssl=1","jetpack_shortlink":"https:\/\/wp.me\/p4Sdv6-1NS","jetpack_sharing_enabled":true,"_links":{"self":[{"href":"https:\/\/www.projekt-kirche.de\/index.php?rest_route=\/wp\/v2\/posts\/6936","targetHints":{"allow":["GET"]}}],"collection":[{"href":"https:\/\/www.projekt-kirche.de\/index.php?rest_route=\/wp\/v2\/posts"}],"about":[{"href":"https:\/\/www.projekt-kirche.de\/index.php?rest_route=\/wp\/v2\/types\/post"}],"author":[{"embeddable":true,"href":"https:\/\/www.projekt-kirche.de\/index.php?rest_route=\/wp\/v2\/users\/1"}],"replies":[{"embeddable":true,"href":"https:\/\/www.projekt-kirche.de\/index.php?rest_route=%2Fwp%2Fv2%2Fcomments&post=6936"}],"version-history":[{"count":6,"href":"https:\/\/www.projekt-kirche.de\/index.php?rest_route=\/wp\/v2\/posts\/6936\/revisions"}],"predecessor-version":[{"id":8474,"href":"https:\/\/www.projekt-kirche.de\/index.php?rest_route=\/wp\/v2\/posts\/6936\/revisions\/8474"}],"wp:featuredmedia":[{"embeddable":true,"href":"https:\/\/www.projekt-kirche.de\/index.php?rest_route=\/wp\/v2\/media\/6935"}],"wp:attachment":[{"href":"https:\/\/www.projekt-kirche.de\/index.php?rest_route=%2Fwp%2Fv2%2Fmedia&parent=6936"}],"wp:term":[{"taxonomy":"category","embeddable":true,"href":"https:\/\/www.projekt-kirche.de\/index.php?rest_route=%2Fwp%2Fv2%2Fcategories&post=6936"},{"taxonomy":"post_tag","embeddable":true,"href":"https:\/\/www.projekt-kirche.de\/index.php?rest_route=%2Fwp%2Fv2%2Ftags&post=6936"}],"curies":[{"name":"wp","href":"https:\/\/api.w.org\/{rel}","templated":true}]}}