{"id":6940,"date":"2019-05-31T10:10:04","date_gmt":"2019-05-31T08:10:04","guid":{"rendered":"https:\/\/www.projekt-kirche.de\/?p=6940"},"modified":"2020-05-08T17:59:10","modified_gmt":"2020-05-08T15:59:10","slug":"warum-gott-den-menschen-erschuf","status":"publish","type":"post","link":"https:\/\/www.projekt-kirche.de\/?p=6940","title":{"rendered":"Warum Gott den Menschen erschuf"},"content":{"rendered":"<div class=\"shariff\" data-title=\"Warum Gott den Menschen erschuf\" data-info-url=\"http:\/\/ct.de\/-2467514\" data-backend-url=\"https:\/\/www.projekt-kirche.de\/wp-content\/plugins\/shariff-sharing\/backend\/index.php\" data-temp=\"\/tmp\" data-ttl=\"60\" data-service=\"gftr\" data-services='[\"googleplus\",\"facebook\",\"twitter\",\"reddit\",\"info\"]' data-image=\"\" data-url=\"https:\/\/www.projekt-kirche.de\/?p=6940\" data-lang=\"de\" data-theme=\"colored\" data-orientation=\"horizontal\"><\/div><p>Hast du dir auch schon mal die Frage gestellt, warum Gott den Menschen \u00fcberhaupt erschaffen hat? Und warum wir als Christen ihm dienen sollten, wenn er doch auch alles selbst viel besser machen k\u00f6nnte?<\/p>\n<p><!--more--><\/p>\n<p>Der Hl. Iren\u00e4us von Lyon (um 130 &#8211; um 208), Bischof, Kirchenlehrer und M\u00e4rtyrer gibt dazu die Antwort:<\/p>\n<blockquote><p>Also hat Gott im Anfang den Adam erschaffen, nicht als ob er selbst des Menschen bedurft h\u00e4tte, sondern damit er auf jemand sein Wohlgefallen aussch\u00fctten konnte. Denn nicht nur vor Adam, sondern schon vor aller Sch\u00f6pfung verherrlichte das Wort seinen Vater, indem es in ihm blieb, und es selbst wurde von dem Vater verherrlicht, wie er selber sagt: \u201eVater, verkl\u00e4re mich mit der Klarheit, die ich bei dir gehabt habe, bevor die Welt ward\u201c (<a href=\"https:\/\/www.bibleserver.com\/NLB\/Johannes17%2C5\" class=\"bibleserver extern\" target=\"_blank\" rel=\"noopener noreferrer\">Joh 17,5<\/a> Vulg.). Auch befahl er uns, ihm zu folgen, nicht als ob er unseres Dienstes bedurfte, sondern weil er uns sein Heil zuwenden wollte. Denn dem Erl\u00f6ser nachfolgen, hei\u00dft teilnehmen am Heil, und dem Lichte folgen, hei\u00dft das Licht erlangen. Die aber im Lichte sind, erleuchten nicht selber das Licht, sondern werden von ihm erleuchtet und erhellt; sie selbst geben ihm nichts, sondern empfangen die Wohltat, vom Lichte erleuchtet zu werden. So bringt auch unsere T\u00e4tigkeit im Dienste Gottes Gott nichts ein, noch bedarf er des menschlichen Dienstes, wohl aber verleiht er denen, die ihm folgen und dienen, Leben, Unverg\u00e4nglichkeit und ewigen Ruhm [\u2026] Nur deswegen verlangt Gott den Dienst der Menschen, weil er gut und barmherzig ist und denen wohltun will, die in seinem Dienst verharren. Denn ebenso sehr, wie Gott keines Menschen bedarf, bedarf der Mensch der Gemeinschaft Gottes, Das n\u00e4mlich ist der Ruhm des Menschen, auszuharren und zu verbleiben im Dienste Gottes. Deswegen sagte der Herr zu seinen Sch\u00fclern: \u201eNicht ihr habt mich erw\u00e4hlt, sondern ich habe euch erw\u00e4hlt\u201c (<a href=\"https:\/\/www.bibleserver.com\/NLB\/Johannes15%2C16\" class=\"bibleserver extern\" target=\"_blank\" rel=\"noopener noreferrer\">Joh 15,16<\/a> Vulg.). Das bedeutet: Nicht sie verherrlichten ihn, indem sie ihm folgten, sondern dadurch, dass sie dem Sohne Gottes folgten, wurden sie von ihm verherrlicht. Und abermals sagt er: \u201eIch will, dass dort, wo ich bin, auch diese sind, damit sie meine Herrlichkeit sehen\u201c (<a href=\"https:\/\/www.bibleserver.com\/NLB\/Johannes17%2C24\" class=\"bibleserver extern\" target=\"_blank\" rel=\"noopener noreferrer\">Joh 17,24<\/a> Vulg.). (aus <a href=\"https:\/\/www.unifr.ch\/bkv\/kapitel688.htm\">&#8220;Gegen die H\u00e4resien&#8221; IV, 14,1<\/a> siehe <a href=\"https:\/\/www.unifr.ch\/bkv\/index.htm\">Bibliothek der Kirchenv\u00e4ter<\/a>, M\u00fcnchen 1912)<\/p><\/blockquote>\n<p>(Titelbild: (c) G\u00e9rald Gambier, Public Domain)<\/p>\n","protected":false},"excerpt":{"rendered":"<p>Hast du dir auch schon mal die Frage gestellt, warum Gott den Menschen \u00fcberhaupt erschaffen hat? Und warum wir als Christen ihm dienen sollten, wenn er doch auch alles selbst viel besser machen k\u00f6nnte?<\/p>\n","protected":false},"author":1,"featured_media":6942,"comment_status":"open","ping_status":"open","sticky":false,"template":"","format":"standard","meta":{"jetpack_post_was_ever_published":false,"_jetpack_newsletter_access":"","_jetpack_dont_email_post_to_subs":false,"_jetpack_newsletter_tier_id":0,"_jetpack_memberships_contains_paywalled_content":false,"_jetpack_memberships_contains_paid_content":false,"footnotes":""},"categories":[2],"tags":[],"class_list":["post-6940","post","type-post","status-publish","format-standard","has-post-thumbnail","hentry","category-allgemein"],"jetpack_featured_media_url":"https:\/\/i0.wp.com\/www.projekt-kirche.de\/wp-content\/uploads\/2019\/05\/irenaeus_von_lyon.jpg?fit=1900%2C832&ssl=1","jetpack_shortlink":"https:\/\/wp.me\/p4Sdv6-1NW","jetpack_sharing_enabled":true,"_links":{"self":[{"href":"https:\/\/www.projekt-kirche.de\/index.php?rest_route=\/wp\/v2\/posts\/6940","targetHints":{"allow":["GET"]}}],"collection":[{"href":"https:\/\/www.projekt-kirche.de\/index.php?rest_route=\/wp\/v2\/posts"}],"about":[{"href":"https:\/\/www.projekt-kirche.de\/index.php?rest_route=\/wp\/v2\/types\/post"}],"author":[{"embeddable":true,"href":"https:\/\/www.projekt-kirche.de\/index.php?rest_route=\/wp\/v2\/users\/1"}],"replies":[{"embeddable":true,"href":"https:\/\/www.projekt-kirche.de\/index.php?rest_route=%2Fwp%2Fv2%2Fcomments&post=6940"}],"version-history":[{"count":8,"href":"https:\/\/www.projekt-kirche.de\/index.php?rest_route=\/wp\/v2\/posts\/6940\/revisions"}],"predecessor-version":[{"id":8473,"href":"https:\/\/www.projekt-kirche.de\/index.php?rest_route=\/wp\/v2\/posts\/6940\/revisions\/8473"}],"wp:featuredmedia":[{"embeddable":true,"href":"https:\/\/www.projekt-kirche.de\/index.php?rest_route=\/wp\/v2\/media\/6942"}],"wp:attachment":[{"href":"https:\/\/www.projekt-kirche.de\/index.php?rest_route=%2Fwp%2Fv2%2Fmedia&parent=6940"}],"wp:term":[{"taxonomy":"category","embeddable":true,"href":"https:\/\/www.projekt-kirche.de\/index.php?rest_route=%2Fwp%2Fv2%2Fcategories&post=6940"},{"taxonomy":"post_tag","embeddable":true,"href":"https:\/\/www.projekt-kirche.de\/index.php?rest_route=%2Fwp%2Fv2%2Ftags&post=6940"}],"curies":[{"name":"wp","href":"https:\/\/api.w.org\/{rel}","templated":true}]}}