{"id":6961,"date":"2019-06-11T07:06:57","date_gmt":"2019-06-11T05:06:57","guid":{"rendered":"https:\/\/www.projekt-kirche.de\/?p=6961"},"modified":"2020-05-08T17:59:09","modified_gmt":"2020-05-08T15:59:09","slug":"geht-und-verkuendet-das-himmelreich-ist-nahe","status":"publish","type":"post","link":"https:\/\/www.projekt-kirche.de\/?p=6961","title":{"rendered":"\u201eGeht und verk\u00fcndet: Das Himmelreich ist nahe\u201c"},"content":{"rendered":"<div class=\"shariff\" data-title=\"\u201eGeht und verk\u00fcndet: Das Himmelreich ist nahe\u201c\" data-info-url=\"http:\/\/ct.de\/-2467514\" data-backend-url=\"https:\/\/www.projekt-kirche.de\/wp-content\/plugins\/shariff-sharing\/backend\/index.php\" data-temp=\"\/tmp\" data-ttl=\"60\" data-service=\"gftr\" data-services='[\"googleplus\",\"facebook\",\"twitter\",\"reddit\",\"info\"]' data-image=\"\" data-url=\"https:\/\/www.projekt-kirche.de\/?p=6961\" data-lang=\"de\" data-theme=\"colored\" data-orientation=\"horizontal\"><\/div><p>Das 2. Vatikanische Konzil richtete sich auch an die junge Generation, mit einem Appell, der heute noch genauso aktuell ist:<\/p>\n<p><!--more--><\/p>\n<blockquote><p>An euch, ihr jungen M\u00e4nner und Frauen der ganzen Welt, will das Konzil seine letzte Botschaft richten. Denn ihr werdet die Flamme aus den H\u00e4nden eurer \u00e4lteren Geschwister entgegennehmen und in der Welt leben, die im Begriff ist, die gr\u00f6\u00dften Umw\u00e4lzungen ihrer Geschichte mitzumachen. Ihr seid es, die, indem ihr das Beste aus dem Beispiel und der Lehre eurer Eltern und Lehrer sammelt, die Gesellschaft von morgen formen werdet: Ihr werdet euch retten oder mit ihr zugrunde gehen. Die Kirche hat vier Jahre lang daran gearbeitet, ihr Antlitz zu verj\u00fcngen, um besser auf den Plan ihres Gr\u00fcnders, des gro\u00dfen Lebendigen, des ewig jungen Christus, antworten zu k\u00f6nnen. Und am Ende dieser gewichtigen \u201eLebensrevision\u201c wendet sie sich euch zu. F\u00fcr euch, die jungen Leute, vor allem f\u00fcr euch, will sie mit ihrem Konzil ein Licht anz\u00fcnden: ein Licht, das die Zukunft erleuchtet, die eure Zukunft sein wird. Die Kirche sorgt sich darum, dass diese Gesellschaft, die ihr bilden werdet, die W\u00fcrde, die Freiheit und das Recht der menschlichen Personen achtet. Ihr selbst seid diese Menschen. Sie sorgt sich vor allem darum, dass diese Gesellschaft ihren Schatz, den immer alten und immer neuen, aufbl\u00fchen l\u00e4sst: den Glauben, und dass eure Seelen sich frei in seiner wohltuenden Klarheit erfrischen k\u00f6nnen. Die Kirche vertraut euch, dass ihr eine solche Kraft und Freude finden werdet, dass ihr noch nicht einmal in Versuchung kommt \u2013 wie einige eurer Vorfahren \u2013, der Verf\u00fchrung von Philosophien der Selbstsucht und des Vergn\u00fcgens oder solchen der Verzweiflung und des Nichts nachzugeben. Und dass ihr angesichts von Atheismus, Alters- und Erschlaffungserscheinungen euren Glauben an das Leben zu bekennen wisst und an das, was dem Leben einen Sinn gibt: die Glaubensgewissheit der Existenz eines Gottes, der gerecht und gut ist. (Botschaft an die jungen Menschen (trad. \u00a9 <a href=\"http:\/\/evangeliumtagfuertag.org\">Evangelizo<\/a>)<\/p><\/blockquote>\n","protected":false},"excerpt":{"rendered":"<p>Das 2. Vatikanische Konzil richtete sich auch an die junge Generation, mit einem Appell, der heute noch genauso aktuell ist:<\/p>\n","protected":false},"author":1,"featured_media":6960,"comment_status":"open","ping_status":"open","sticky":false,"template":"","format":"standard","meta":{"jetpack_post_was_ever_published":false,"_jetpack_newsletter_access":"","_jetpack_dont_email_post_to_subs":false,"_jetpack_newsletter_tier_id":0,"_jetpack_memberships_contains_paywalled_content":false,"_jetpack_memberships_contains_paid_content":false,"footnotes":""},"categories":[2],"tags":[],"class_list":["post-6961","post","type-post","status-publish","format-standard","has-post-thumbnail","hentry","category-allgemein"],"jetpack_featured_media_url":"https:\/\/i0.wp.com\/www.projekt-kirche.de\/wp-content\/uploads\/2019\/06\/pexels-photo-1769691.jpeg?fit=975%2C1300&ssl=1","jetpack_shortlink":"https:\/\/wp.me\/p4Sdv6-1Oh","jetpack_sharing_enabled":true,"_links":{"self":[{"href":"https:\/\/www.projekt-kirche.de\/index.php?rest_route=\/wp\/v2\/posts\/6961","targetHints":{"allow":["GET"]}}],"collection":[{"href":"https:\/\/www.projekt-kirche.de\/index.php?rest_route=\/wp\/v2\/posts"}],"about":[{"href":"https:\/\/www.projekt-kirche.de\/index.php?rest_route=\/wp\/v2\/types\/post"}],"author":[{"embeddable":true,"href":"https:\/\/www.projekt-kirche.de\/index.php?rest_route=\/wp\/v2\/users\/1"}],"replies":[{"embeddable":true,"href":"https:\/\/www.projekt-kirche.de\/index.php?rest_route=%2Fwp%2Fv2%2Fcomments&post=6961"}],"version-history":[{"count":1,"href":"https:\/\/www.projekt-kirche.de\/index.php?rest_route=\/wp\/v2\/posts\/6961\/revisions"}],"predecessor-version":[{"id":6962,"href":"https:\/\/www.projekt-kirche.de\/index.php?rest_route=\/wp\/v2\/posts\/6961\/revisions\/6962"}],"wp:featuredmedia":[{"embeddable":true,"href":"https:\/\/www.projekt-kirche.de\/index.php?rest_route=\/wp\/v2\/media\/6960"}],"wp:attachment":[{"href":"https:\/\/www.projekt-kirche.de\/index.php?rest_route=%2Fwp%2Fv2%2Fmedia&parent=6961"}],"wp:term":[{"taxonomy":"category","embeddable":true,"href":"https:\/\/www.projekt-kirche.de\/index.php?rest_route=%2Fwp%2Fv2%2Fcategories&post=6961"},{"taxonomy":"post_tag","embeddable":true,"href":"https:\/\/www.projekt-kirche.de\/index.php?rest_route=%2Fwp%2Fv2%2Ftags&post=6961"}],"curies":[{"name":"wp","href":"https:\/\/api.w.org\/{rel}","templated":true}]}}