{"id":6963,"date":"2019-06-13T08:02:08","date_gmt":"2019-06-13T06:02:08","guid":{"rendered":"https:\/\/www.projekt-kirche.de\/?p=6963"},"modified":"2020-05-08T17:59:08","modified_gmt":"2020-05-08T15:59:08","slug":"ueber-wut-und-hass","status":"publish","type":"post","link":"https:\/\/www.projekt-kirche.de\/?p=6963","title":{"rendered":"\u00dcber Wut und Hass"},"content":{"rendered":"<div class=\"shariff\" data-title=\"\u00dcber Wut und Hass\" data-info-url=\"http:\/\/ct.de\/-2467514\" data-backend-url=\"https:\/\/www.projekt-kirche.de\/wp-content\/plugins\/shariff-sharing\/backend\/index.php\" data-temp=\"\/tmp\" data-ttl=\"60\" data-service=\"gftr\" data-services='[\"googleplus\",\"facebook\",\"twitter\",\"reddit\",\"info\"]' data-image=\"\" data-url=\"https:\/\/www.projekt-kirche.de\/?p=6963\" data-lang=\"de\" data-theme=\"colored\" data-orientation=\"horizontal\"><\/div><p>Eines der schwierigsten Themen im Leben von uns Menschen ist wohl der Umgang mit Wut und Hass. Entweder mit der Wut und der Hass, den andere Menschen uns gegen\u00fcber empfinden (ob gerechtfertigt oder auch nicht) oder mit unserer emotionalen Reaktion auf Gemeinheiten und Verletzungen anderer Menschen uns gegen\u00fcber.<\/p>\n<p><!--more--><\/p>\n<p>Jesus ist da ganz klar und fordert uns eindringlich auf uns zu vers\u00f6hnen (soweit das auch von der anderen Seite m\u00f6glich ist), siehe <a href=\"https:\/\/www.bibleserver.com\/NLB\/Matth%C3%A4us5%2C20-26\" class=\"bibleserver extern\" target=\"_blank\" rel=\"noopener noreferrer\">Mt 5,20-26<\/a><\/p>\n<p>Johannes Cassianus (um 360-435), Klostergr\u00fcnder in Marseille, betont in seiner Schrift &#8220;\u00dcber die acht Haupts\u00fcnden&#8221; wie wichtig es ist, diesem Gebot zu folgen (auch wenn es schwer ist):<\/p>\n<blockquote><p>Der Herr befiehlt im Evangelium, die Gabe vor dem Altar liegen zu lassen und sich mit seinem Bruder zu vers\u00f6hnen (vgl. <a href=\"https:\/\/www.bibleserver.com\/NLB\/Matth%C3%A4us5%2C23-24\" class=\"bibleserver extern\" target=\"_blank\" rel=\"noopener noreferrer\">Mt 5,23\u201324<\/a>). Ansonsten, wenn wir dem Zorn und der Rachsucht ausgeliefert sind, kann die Gabe unm\u00f6glich angenommen werden. Andererseits sagt der Apostel, dass man ohne Unterlass beten (vgl. <a href=\"https:\/\/www.bibleserver.com\/NLB\/1.Thessalonicher5%2C17\" class=\"bibleserver extern\" target=\"_blank\" rel=\"noopener noreferrer\">1 Thess 5,17<\/a>) und \u00fcberall die H\u00e4nde rein erheben soll, ohne Zorn und b\u00f6se Gedanken (vgl. <a href=\"https:\/\/www.bibleserver.com\/NLB\/1.Timotheus2%2C8\" class=\"bibleserver extern\" target=\"_blank\" rel=\"noopener noreferrer\">1 Tim 2,8<\/a>); das ist eine Lektion f\u00fcr uns. Wir haben also keine andere Wahl als entweder gar nicht zu beten \u2013 da w\u00fcrden wir aber gegen die Anordnung des Apostels versto\u00dfen \u2013 oder dieser Anordnung eiligst nachzukommen und sie dann ohne Zorn und Groll umzusetzen. Es kommt oft vor, dass wir Br\u00fcder verachten, die bek\u00fcmmert und verst\u00f6rt sind und sagen, dass wir an ihrer Trostlosigkeit nicht schuld sind. Deshalb befiehlt uns der Arzt der Seelen, der die seelischen Vorw\u00e4nde mit der Wurzel aus unserem Herzen herausrei\u00dfen will, die Opfergabe liegen zu lassen und uns nicht nur zu vers\u00f6hnen, wenn wir uns \u00fcber den Bruder \u00e4rgern, sondern auch, wenn er selbst sich, zu Recht oder zu Unrecht, \u00fcber uns \u00e4rgert. Dies muss zuerst durch eine Entschuldigung behoben werden und dann muss die Opfergabe dargebracht werden. Aber warum sollten wir l\u00e4nger bei den Geboten des Evangeliums verweilen, wenn sogar das Alte Testament, das weniger streng zu sein scheint, dies lehrt, wenn es sagt: \u201eDu sollst in deinem Herzen keinen Hass gegen deinen Bruder tragen\u201c (<a href=\"https:\/\/www.bibleserver.com\/NLB\/3.Mose19%2C17\" class=\"bibleserver extern\" target=\"_blank\" rel=\"noopener noreferrer\">Lev 19,17<\/a>) und noch einmal: \u201eDie Wege desjenigen, der Groll hegt, f\u00fchren zum Tod\u201c (vgl. <a href=\"https:\/\/www.bibleserver.com\/NLB\/Prediger12%2C14\" class=\"bibleserver extern\" target=\"_blank\" rel=\"noopener noreferrer\">Koh 12,28<\/a> LXX). Das Gesetz untersagt hier nicht nur die Tat, sondern auch den Gedanken. Deshalb m\u00fcssen diejenigen, die den g\u00f6ttlichen Gesetzen folgen, mit ganzer Kraft gegen den Geist des Zornes und gegen die Krankheit, die in uns wirkt, ank\u00e4mpfen. [\u2026] Der gr\u00f6\u00dfte Teil unseres Fortschritts und unseres Friedens kann nicht aus der Geduld unseres N\u00e4chsten uns gegen\u00fcber kommen, sondern aus unserer eigenen Langmut gegen\u00fcber dem N\u00e4chsten. (trad. \u00a9 <a href=\"http:\/\/evangeliumtagfuertag.org\">Evangelizo<\/a>)<\/p><\/blockquote>\n","protected":false},"excerpt":{"rendered":"<p>Eines der schwierigsten Themen im Leben von uns Menschen ist wohl der Umgang mit Wut und Hass. Entweder mit der Wut und der Hass, den andere Menschen uns gegen\u00fcber empfinden (ob gerechtfertigt oder auch nicht) oder mit unserer emotionalen Reaktion auf Gemeinheiten und Verletzungen anderer Menschen uns gegen\u00fcber.<\/p>\n","protected":false},"author":1,"featured_media":6965,"comment_status":"open","ping_status":"open","sticky":false,"template":"","format":"standard","meta":{"jetpack_post_was_ever_published":false,"_jetpack_newsletter_access":"","_jetpack_dont_email_post_to_subs":false,"_jetpack_newsletter_tier_id":0,"_jetpack_memberships_contains_paywalled_content":false,"_jetpack_memberships_contains_paid_content":false,"footnotes":""},"categories":[2],"tags":[],"class_list":["post-6963","post","type-post","status-publish","format-standard","has-post-thumbnail","hentry","category-allgemein"],"jetpack_featured_media_url":"https:\/\/i0.wp.com\/www.projekt-kirche.de\/wp-content\/uploads\/2019\/06\/person-human-male-man.jpg?fit=1880%2C1255&ssl=1","jetpack_shortlink":"https:\/\/wp.me\/p4Sdv6-1Oj","jetpack_sharing_enabled":true,"_links":{"self":[{"href":"https:\/\/www.projekt-kirche.de\/index.php?rest_route=\/wp\/v2\/posts\/6963","targetHints":{"allow":["GET"]}}],"collection":[{"href":"https:\/\/www.projekt-kirche.de\/index.php?rest_route=\/wp\/v2\/posts"}],"about":[{"href":"https:\/\/www.projekt-kirche.de\/index.php?rest_route=\/wp\/v2\/types\/post"}],"author":[{"embeddable":true,"href":"https:\/\/www.projekt-kirche.de\/index.php?rest_route=\/wp\/v2\/users\/1"}],"replies":[{"embeddable":true,"href":"https:\/\/www.projekt-kirche.de\/index.php?rest_route=%2Fwp%2Fv2%2Fcomments&post=6963"}],"version-history":[{"count":5,"href":"https:\/\/www.projekt-kirche.de\/index.php?rest_route=\/wp\/v2\/posts\/6963\/revisions"}],"predecessor-version":[{"id":8472,"href":"https:\/\/www.projekt-kirche.de\/index.php?rest_route=\/wp\/v2\/posts\/6963\/revisions\/8472"}],"wp:featuredmedia":[{"embeddable":true,"href":"https:\/\/www.projekt-kirche.de\/index.php?rest_route=\/wp\/v2\/media\/6965"}],"wp:attachment":[{"href":"https:\/\/www.projekt-kirche.de\/index.php?rest_route=%2Fwp%2Fv2%2Fmedia&parent=6963"}],"wp:term":[{"taxonomy":"category","embeddable":true,"href":"https:\/\/www.projekt-kirche.de\/index.php?rest_route=%2Fwp%2Fv2%2Fcategories&post=6963"},{"taxonomy":"post_tag","embeddable":true,"href":"https:\/\/www.projekt-kirche.de\/index.php?rest_route=%2Fwp%2Fv2%2Ftags&post=6963"}],"curies":[{"name":"wp","href":"https:\/\/api.w.org\/{rel}","templated":true}]}}