{"id":698,"date":"2009-01-15T14:05:18","date_gmt":"2009-01-15T12:05:18","guid":{"rendered":"http:\/\/sschweizer.wordpress.com\/?p=698"},"modified":"2020-05-08T18:44:30","modified_gmt":"2020-05-08T16:44:30","slug":"defizite-in-der-katholischen-kirche","status":"publish","type":"post","link":"https:\/\/www.projekt-kirche.de\/?p=698","title":{"rendered":"Defizite in der katholischen Kirche"},"content":{"rendered":"<div class=\"shariff\" data-title=\"Defizite in der katholischen Kirche\" data-info-url=\"http:\/\/ct.de\/-2467514\" data-backend-url=\"https:\/\/www.projekt-kirche.de\/wp-content\/plugins\/shariff-sharing\/backend\/index.php\" data-temp=\"\/tmp\" data-ttl=\"60\" data-service=\"gftr\" data-services='[\"googleplus\",\"facebook\",\"twitter\",\"reddit\",\"info\"]' data-image=\"\" data-url=\"https:\/\/www.projekt-kirche.de\/?p=698\" data-lang=\"de\" data-theme=\"colored\" data-orientation=\"horizontal\"><\/div><p>Heute bin ich bei <a title=\"KATH.NET\" href=\"http:\/\/www.kath.net\" target=\"_blank\" rel=\"noopener noreferrer\">KATH.NET<\/a>\u00a0auf den Kommentar <a title=\"KATH.NET\" href=\"http:\/\/www.kath.net\/detail.php?id=21850\" target=\"_blank\" rel=\"noopener noreferrer\">&#8220;Wenn eine Pastoraltagung das Ziel verfehlt&#8221;<\/a>\u00a0von Bischof Andreas Laun (Salzburg)\u00a0gesto\u00dfen.<\/p>\n<p>Auch wenn ich (noch) nicht zur katholischen Kirche geh\u00f6re, spricht mir Bischof Laun aus der Seele. Statt die christliche Lehre aufzuweichen, sollte man tats\u00e4chlich mal die wirklichen Ursachen der Probleme in der katholischen Kirche angehen. Und das w\u00e4re z.B.\u00a0die mangelhafte christliche Lehre und Erziehung.<\/p>\n<p>Das noch grundlegendere Problem wird wohl aber sein, dass selbst viele der katholischen Priester kaum noch wirklich tiefe \u00dcberzeugungen \u00fcber die Lehren der (katholischen) Kirche haben, so dass sie das gemeine Kirchenvolk in ihren Predigten (fast) nur noch mit humanistischen Alltagsweisheiten &#8220;abspeisen&#8221;. Vom (geistlichen) Reichtum der Schriften der Kirchenv\u00e4ter habe ich jedenfalls in katholischen Gottesdiensten noch nichts mitbekommen (auch wenn es viele Katholiken gibt, die sich mit diesem Thema intensiv besch\u00e4ftigen wie das Benediktinerkloster <a title=\"Abtei Mariendonk\" href=\"http:\/\/www.mariendonk.de\/\" target=\"_blank\" rel=\"noopener noreferrer\">Mariendonk<\/a> beweist)<\/p>\n<p>Mal sehen, ob sich da in n\u00e4chster Zeit was tut&#8230;<\/p>\n","protected":false},"excerpt":{"rendered":"<p>Heute bin ich bei KATH.NET\u00a0auf den Kommentar &#8220;Wenn eine Pastoraltagung das Ziel verfehlt&#8221;\u00a0von Bischof Andreas Laun (Salzburg)\u00a0gesto\u00dfen. Auch wenn ich (noch) nicht zur katholischen Kirche geh\u00f6re, spricht mir Bischof Laun aus der Seele. Statt die christliche Lehre aufzuweichen, sollte man tats\u00e4chlich mal die wirklichen Ursachen der Probleme in der katholischen Kirche angehen. Und das w\u00e4re [&hellip;]<\/p>\n","protected":false},"author":1,"featured_media":0,"comment_status":"open","ping_status":"open","sticky":false,"template":"","format":"standard","meta":{"jetpack_post_was_ever_published":false,"_jetpack_newsletter_access":"","_jetpack_dont_email_post_to_subs":false,"_jetpack_newsletter_tier_id":0,"_jetpack_memberships_contains_paywalled_content":false,"_jetpack_memberships_contains_paid_content":false,"footnotes":""},"categories":[2],"tags":[],"class_list":["post-698","post","type-post","status-publish","format-standard","hentry","category-allgemein"],"jetpack_featured_media_url":"","jetpack_shortlink":"https:\/\/wp.me\/p4Sdv6-bg","jetpack_sharing_enabled":true,"_links":{"self":[{"href":"https:\/\/www.projekt-kirche.de\/index.php?rest_route=\/wp\/v2\/posts\/698","targetHints":{"allow":["GET"]}}],"collection":[{"href":"https:\/\/www.projekt-kirche.de\/index.php?rest_route=\/wp\/v2\/posts"}],"about":[{"href":"https:\/\/www.projekt-kirche.de\/index.php?rest_route=\/wp\/v2\/types\/post"}],"author":[{"embeddable":true,"href":"https:\/\/www.projekt-kirche.de\/index.php?rest_route=\/wp\/v2\/users\/1"}],"replies":[{"embeddable":true,"href":"https:\/\/www.projekt-kirche.de\/index.php?rest_route=%2Fwp%2Fv2%2Fcomments&post=698"}],"version-history":[{"count":2,"href":"https:\/\/www.projekt-kirche.de\/index.php?rest_route=\/wp\/v2\/posts\/698\/revisions"}],"predecessor-version":[{"id":7785,"href":"https:\/\/www.projekt-kirche.de\/index.php?rest_route=\/wp\/v2\/posts\/698\/revisions\/7785"}],"wp:attachment":[{"href":"https:\/\/www.projekt-kirche.de\/index.php?rest_route=%2Fwp%2Fv2%2Fmedia&parent=698"}],"wp:term":[{"taxonomy":"category","embeddable":true,"href":"https:\/\/www.projekt-kirche.de\/index.php?rest_route=%2Fwp%2Fv2%2Fcategories&post=698"},{"taxonomy":"post_tag","embeddable":true,"href":"https:\/\/www.projekt-kirche.de\/index.php?rest_route=%2Fwp%2Fv2%2Ftags&post=698"}],"curies":[{"name":"wp","href":"https:\/\/api.w.org\/{rel}","templated":true}]}}