{"id":6988,"date":"2019-07-10T07:16:22","date_gmt":"2019-07-10T05:16:22","guid":{"rendered":"https:\/\/www.projekt-kirche.de\/?p=6988"},"modified":"2020-05-08T17:59:07","modified_gmt":"2020-05-08T15:59:07","slug":"ueber-die-mission-der-liebe","status":"publish","type":"post","link":"https:\/\/www.projekt-kirche.de\/?p=6988","title":{"rendered":"\u00dcber die Mission der Liebe"},"content":{"rendered":"<div class=\"shariff\" data-title=\"\u00dcber die Mission der Liebe\" data-info-url=\"http:\/\/ct.de\/-2467514\" data-backend-url=\"https:\/\/www.projekt-kirche.de\/wp-content\/plugins\/shariff-sharing\/backend\/index.php\" data-temp=\"\/tmp\" data-ttl=\"60\" data-service=\"gftr\" data-services='[\"googleplus\",\"facebook\",\"twitter\",\"reddit\",\"info\"]' data-image=\"\" data-url=\"https:\/\/www.projekt-kirche.de\/?p=6988\" data-lang=\"de\" data-theme=\"colored\" data-orientation=\"horizontal\"><\/div><p>Es lohnt sich auch mal Texte des 2. Vatikanischen Konzils selbst zu lesen.<\/p>\n<p>Im folgenden geht es um die Missionst\u00e4tigkeit der Kirche, die gepr\u00e4gt sein soll von der Liebe Jesu.<\/p>\n<p>Ein wundersch\u00f6ner Text, den man sich mal wortw\u00f6rtlich zu Herzen gehen lassen sollte (zumindest f\u00fcr mich ist er ganz wichtig).<\/p>\n<p><!--more--><\/p>\n<blockquote><p>Die Anwesenheit der Christen in den menschlichen Gemeinschaften muss von jener Liebe beseelt sein, mit der Gott uns geliebt hat, der will, dass wir einander mit derselben Liebe begegnen. Die christliche Liebe erstreckt sich auf alle, ohne Unterschied von Rasse, gesellschaftlicher Stufe oder Religion; sie erwartet nicht Gewinn oder Dankbarkeit; denn wie Gott sich uns mit ungeschuldeter Liebe zugewandt hat, so sind auch die Gl\u00e4ubigen in ihrer Liebe auf den Menschen selbst bedacht und lieben ihn mit der gleichen Zuwendung, mit der Gott den Menschen gesucht hat. Wie also Christus durch die St\u00e4dte und D\u00f6rfer zog, jederlei Krankheit und Gebrechen heilend zum Zeichen der kommenden Gottesherrschaft so ist auch die Kirche durch ihre Kinder mit Menschen jeden Standes verbunden, besonders aber mit den Armen und Leidenden [\u2026]. Sie nimmt an ihren Freuden und Schmerzen teil; sie wei\u00df um die Erwartungen und die R\u00e4tsel des Lebens, sie leidet mit in den \u00c4ngsten des Todes. Denen, die Frieden suchen, bem\u00fcht sie sich in br\u00fcderlichem Gespr\u00e4ch zu antworten, indem sie ihnen Frieden und Licht aus dem Evangelium anbietet. Bei der Aufrichtung einer gesunden Wirtschafts- und Sozialordnung sollen die Christgl\u00e4ubigen ihre Arbeit einsetzen und mit allen anderen zusammenarbeiten. Mit besonderer Sorge m\u00f6gen sie sich der Erziehung der Kinder und der heranwachsenden Jugend [\u2026] annehmen [\u2026] Ferner sollen sie sich an den Anstrengungen der V\u00f6lker beteiligen, die sich bem\u00fchen, im Kampf gegen Hunger, Unwissenheit und Krankheit bessere Lebensverh\u00e4ltnisse zu schaffen und den Frieden in der Welt zu festigen. [\u2026] Dabei will sich die Kirche auf keine Weise in die Leitung des irdischen Staatswesens einmischen. Sie beansprucht kein anderes Recht, als mit Gottes Hilfe in Liebe und treuer Bereitschaft den Menschen zu dienen. (<a href=\"http:\/\/www.vatican.va\/archive\/hist_councils\/ii_vatican_council\/documents\/vat-ii_decree_19651207_ad-gentes_ge.html\">Dekret \u00fcber die Missionst\u00e4tigkeit der Kirche \u201eAd Gentes\u201c<\/a>, 12, \u00a9 Liberia Editrice Vaticana)<\/p><\/blockquote>\n","protected":false},"excerpt":{"rendered":"<p>Es lohnt sich auch mal Texte des 2. Vatikanischen Konzils selbst zu lesen. Im folgenden geht es um die Missionst\u00e4tigkeit der Kirche, die gepr\u00e4gt sein soll von der Liebe Jesu. Ein wundersch\u00f6ner Text, den man sich mal wortw\u00f6rtlich zu Herzen gehen lassen sollte (zumindest f\u00fcr mich ist er ganz wichtig).<\/p>\n","protected":false},"author":1,"featured_media":6989,"comment_status":"open","ping_status":"open","sticky":false,"template":"","format":"standard","meta":{"jetpack_post_was_ever_published":false,"_jetpack_newsletter_access":"","_jetpack_dont_email_post_to_subs":false,"_jetpack_newsletter_tier_id":0,"_jetpack_memberships_contains_paywalled_content":false,"_jetpack_memberships_contains_paid_content":false,"footnotes":""},"categories":[2],"tags":[],"class_list":["post-6988","post","type-post","status-publish","format-standard","has-post-thumbnail","hentry","category-allgemein"],"jetpack_featured_media_url":"https:\/\/i0.wp.com\/www.projekt-kirche.de\/wp-content\/uploads\/2019\/07\/pexels-photo-697243-2.jpeg?fit=1880%2C1253&ssl=1","jetpack_shortlink":"https:\/\/wp.me\/p4Sdv6-1OI","jetpack_sharing_enabled":true,"_links":{"self":[{"href":"https:\/\/www.projekt-kirche.de\/index.php?rest_route=\/wp\/v2\/posts\/6988","targetHints":{"allow":["GET"]}}],"collection":[{"href":"https:\/\/www.projekt-kirche.de\/index.php?rest_route=\/wp\/v2\/posts"}],"about":[{"href":"https:\/\/www.projekt-kirche.de\/index.php?rest_route=\/wp\/v2\/types\/post"}],"author":[{"embeddable":true,"href":"https:\/\/www.projekt-kirche.de\/index.php?rest_route=\/wp\/v2\/users\/1"}],"replies":[{"embeddable":true,"href":"https:\/\/www.projekt-kirche.de\/index.php?rest_route=%2Fwp%2Fv2%2Fcomments&post=6988"}],"version-history":[{"count":2,"href":"https:\/\/www.projekt-kirche.de\/index.php?rest_route=\/wp\/v2\/posts\/6988\/revisions"}],"predecessor-version":[{"id":6991,"href":"https:\/\/www.projekt-kirche.de\/index.php?rest_route=\/wp\/v2\/posts\/6988\/revisions\/6991"}],"wp:featuredmedia":[{"embeddable":true,"href":"https:\/\/www.projekt-kirche.de\/index.php?rest_route=\/wp\/v2\/media\/6989"}],"wp:attachment":[{"href":"https:\/\/www.projekt-kirche.de\/index.php?rest_route=%2Fwp%2Fv2%2Fmedia&parent=6988"}],"wp:term":[{"taxonomy":"category","embeddable":true,"href":"https:\/\/www.projekt-kirche.de\/index.php?rest_route=%2Fwp%2Fv2%2Fcategories&post=6988"},{"taxonomy":"post_tag","embeddable":true,"href":"https:\/\/www.projekt-kirche.de\/index.php?rest_route=%2Fwp%2Fv2%2Ftags&post=6988"}],"curies":[{"name":"wp","href":"https:\/\/api.w.org\/{rel}","templated":true}]}}