{"id":7004,"date":"2019-08-03T11:47:02","date_gmt":"2019-08-03T09:47:02","guid":{"rendered":"https:\/\/www.projekt-kirche.de\/?p=7004"},"modified":"2020-05-08T17:59:06","modified_gmt":"2020-05-08T15:59:06","slug":"ueber-die-gelehrtheit","status":"publish","type":"post","link":"https:\/\/www.projekt-kirche.de\/?p=7004","title":{"rendered":"\u00dcber die Gelehrtheit"},"content":{"rendered":"<div class=\"shariff\" data-title=\"\u00dcber die Gelehrtheit\" data-info-url=\"http:\/\/ct.de\/-2467514\" data-backend-url=\"https:\/\/www.projekt-kirche.de\/wp-content\/plugins\/shariff-sharing\/backend\/index.php\" data-temp=\"\/tmp\" data-ttl=\"60\" data-service=\"gftr\" data-services='[\"googleplus\",\"facebook\",\"twitter\",\"reddit\",\"info\"]' data-image=\"\" data-url=\"https:\/\/www.projekt-kirche.de\/?p=7004\" data-lang=\"de\" data-theme=\"colored\" data-orientation=\"horizontal\"><\/div><p>Eine der gr\u00f6\u00dften Gefahren f\u00fcr das Heil der Menschen ist die eigene Selbst\u00fcbersch\u00e4tzung und \u00dcberheblichkeit.<\/p>\n<p><!--more--><\/p>\n<p>Wenn man sich zu viel auf die eigene Gelehrtheit einbildet und den Wert und Notwendigkeit des (einfachen) Glaubens verachtet, wenn man um die eigenen Grenzen der Erkenntnis und die Angewiesenheit auf Gottes Gnade nicht wei\u00df, dann wird es kritisch.<\/p>\n<p>Nicht umsonst sagt Jesus:<\/p>\n<blockquote><p>\u201eAll das hast du den Weisen und Klugen verborgen, den Unm\u00fcndigen aber offenbart\u201c (vgl. <a href=\"https:\/\/www.bibleserver.com\/NLB\/Matth%C3%A4us11%2C25\" class=\"bibleserver extern\" target=\"_blank\" rel=\"noopener noreferrer\">Mt 11,25<\/a>)<\/p><\/blockquote>\n<p>Und auch Vinzenz von Paul (1581-1660), Priester und Ordensgr\u00fcnder, schreibt sehr tiefsinnig und wahr:<\/p>\n<blockquote><p>Wenn ihr w\u00fcsstet, meine T\u00f6chter, wie sich Gott freut beim Anblick eines armen M\u00e4dchens vom Land, einer armen [religi\u00f6sen] \u201eTochter der N\u00e4chstenliebe\u201c, die sich ihm liebevoll zuwendet! Oh, dann w\u00fcrdet ihr euch auf den Weg machen mit mehr Vertrauen, als ich es f\u00fcr ratsam halte. Wenn ihr w\u00fcsstet, wie viel Wissen ihr daraus sch\u00f6pft, wie viel Liebe und Sanftmut euch dort zuteilwird! Alles, meine lieben T\u00f6chter, werdet ihr dort vorfinden, denn es ist der Brunnen und die Quelle aller Wissenschaften, [aller Erkenntnis]. Woher kommt es, dass ungebildete Menschen so trefflich \u00fcber Gott sprechen und die Mysterien intelligenter auslegen, als es ein Gelehrter k\u00f6nnte? Ein Gelehrter, der nur seine Lehre hat, spricht \u00fcber Gott doch nur so, wie es ihm seine Lehre eben beigebracht hat. Ein Mensch des Gebets aber spricht ganz anders von Gott. Und was die beiden unterscheidet, meine T\u00f6chter: der eine spricht aus einem simplen, erworbenen Wissen heraus, der andere aus einem Wissen, das ganz von Liebe durchdrungen ist. So kommt es, dass bei einem Aufeinandertreffen der beiden der Gelehrte keineswegs die gr\u00f6\u00dfere Sachkenntnis besitzt. Und er muss schweigen, wenn es einen Betenden gibt, weil dieser ganz anders von Gott spricht, als er es kann. \tWoher kommt es, dass ungebildete Menschen so trefflich \u00fcber Gott sprechen und die Mysterien intelligenter auslegen, als es ein Gelehrter k\u00f6nnte? Ein Gelehrter, der nichts hat als seine Lehre, spricht \u00fcber Gott doch nur so, wie es ihm seine Lehre eben beigebracht hat. Ein Mensch des Gebets aber spricht ganz anders von Gott. Und was die beiden unterscheidet, meine T\u00f6chter: der eine spricht aus einem simplen erworbenen Wissen heraus, der andere aus einem Wissen, das ganz durchdrungen ist von Liebe. So kommt es, dass bei einem Aufeinandertreffen der beiden der Gelehrte keineswegs die gr\u00f6\u00dfere Sachkenntnis besitzt. Und er hat den Mund zu halten vor einem Mann des Gebets, der doch ganz anders von Gott spricht, als er es k\u00f6nnte. (aus &#8220;Konferenzen&#8221;, trad. \u00a9 <a href=\"http:\/\/www.evangeliumtagfuertag.org\">Evangelizo<\/a>)<\/p><\/blockquote>\n","protected":false},"excerpt":{"rendered":"<p>Eine der gr\u00f6\u00dften Gefahren f\u00fcr das Heil der Menschen ist die eigene Selbst\u00fcbersch\u00e4tzung und \u00dcberheblichkeit.<\/p>\n","protected":false},"author":1,"featured_media":7011,"comment_status":"open","ping_status":"open","sticky":false,"template":"","format":"standard","meta":{"jetpack_post_was_ever_published":false,"_jetpack_newsletter_access":"","_jetpack_dont_email_post_to_subs":false,"_jetpack_newsletter_tier_id":0,"_jetpack_memberships_contains_paywalled_content":false,"_jetpack_memberships_contains_paid_content":false,"footnotes":""},"categories":[2],"tags":[],"class_list":["post-7004","post","type-post","status-publish","format-standard","has-post-thumbnail","hentry","category-allgemein"],"jetpack_featured_media_url":"https:\/\/i0.wp.com\/www.projekt-kirche.de\/wp-content\/uploads\/2019\/07\/pexels-photo-261909.jpeg?fit=1820%2C1300&ssl=1","jetpack_shortlink":"https:\/\/wp.me\/p4Sdv6-1OY","jetpack_sharing_enabled":true,"_links":{"self":[{"href":"https:\/\/www.projekt-kirche.de\/index.php?rest_route=\/wp\/v2\/posts\/7004","targetHints":{"allow":["GET"]}}],"collection":[{"href":"https:\/\/www.projekt-kirche.de\/index.php?rest_route=\/wp\/v2\/posts"}],"about":[{"href":"https:\/\/www.projekt-kirche.de\/index.php?rest_route=\/wp\/v2\/types\/post"}],"author":[{"embeddable":true,"href":"https:\/\/www.projekt-kirche.de\/index.php?rest_route=\/wp\/v2\/users\/1"}],"replies":[{"embeddable":true,"href":"https:\/\/www.projekt-kirche.de\/index.php?rest_route=%2Fwp%2Fv2%2Fcomments&post=7004"}],"version-history":[{"count":8,"href":"https:\/\/www.projekt-kirche.de\/index.php?rest_route=\/wp\/v2\/posts\/7004\/revisions"}],"predecessor-version":[{"id":8469,"href":"https:\/\/www.projekt-kirche.de\/index.php?rest_route=\/wp\/v2\/posts\/7004\/revisions\/8469"}],"wp:featuredmedia":[{"embeddable":true,"href":"https:\/\/www.projekt-kirche.de\/index.php?rest_route=\/wp\/v2\/media\/7011"}],"wp:attachment":[{"href":"https:\/\/www.projekt-kirche.de\/index.php?rest_route=%2Fwp%2Fv2%2Fmedia&parent=7004"}],"wp:term":[{"taxonomy":"category","embeddable":true,"href":"https:\/\/www.projekt-kirche.de\/index.php?rest_route=%2Fwp%2Fv2%2Fcategories&post=7004"},{"taxonomy":"post_tag","embeddable":true,"href":"https:\/\/www.projekt-kirche.de\/index.php?rest_route=%2Fwp%2Fv2%2Ftags&post=7004"}],"curies":[{"name":"wp","href":"https:\/\/api.w.org\/{rel}","templated":true}]}}