{"id":7010,"date":"2019-08-07T20:04:59","date_gmt":"2019-08-07T18:04:59","guid":{"rendered":"https:\/\/www.projekt-kirche.de\/?p=7010"},"modified":"2020-05-08T17:59:05","modified_gmt":"2020-05-08T15:59:05","slug":"ueber-die-freundschaft","status":"publish","type":"post","link":"https:\/\/www.projekt-kirche.de\/?p=7010","title":{"rendered":"\u00dcber die Freundschaft"},"content":{"rendered":"<div class=\"shariff\" data-title=\"\u00dcber die Freundschaft\" data-info-url=\"http:\/\/ct.de\/-2467514\" data-backend-url=\"https:\/\/www.projekt-kirche.de\/wp-content\/plugins\/shariff-sharing\/backend\/index.php\" data-temp=\"\/tmp\" data-ttl=\"60\" data-service=\"gftr\" data-services='[\"googleplus\",\"facebook\",\"twitter\",\"reddit\",\"info\"]' data-image=\"\" data-url=\"https:\/\/www.projekt-kirche.de\/?p=7010\" data-lang=\"de\" data-theme=\"colored\" data-orientation=\"horizontal\"><\/div><p>Es ist nicht einfach einen guten Freund, eine gute Freundin zu finden.<\/p>\n<p>Noch viel schwieriger jedoch ist es, mit einer guten geistlichen, d. h. im Glauben verbundene Freundschaft beschenkt zu werden, einer Freundschaft, die einem hilft im Glauben zu bleiben und sogar darin zu wachsen.<\/p>\n<p>Hl. Franz von Sales (1567-1622), Bischof von Genf und Kirchenlehrer schreibt dazu:<\/p>\n<p><!--more--><\/p>\n<blockquote><p>Liebe jeden mit echter, starker N\u00e4chstenliebe; Freundschaft dagegen schenke nur solchen, die mit dir Verbindung in wertvollen Dingen aufnehmen k\u00f6nnen [\u2026] Wenn ihr eure wissenschaftlichen Kenntnisse austauscht, so ist eure Freundschaft gewiss lobenswert; noch besser ist sie, wenn ihr einander zur Tugend der Klugheit, der taktvollen M\u00e4\u00dfigung, der St\u00e4rke und Gerechtigkeit aneifert; wenn ihr einander aber die Liebe, die Fr\u00f6mmigkeit, die christliche Vollkommenheit vermittelt, wie wertvoll wird dann eure Freundschaft sein! Sie wird eine ausgezeichnete sein, weil sie von Gott kommt, weil sie auf Gott hinzielt, weil Gott ihr Band ist, weil sie ewig in Gott weiterleben wird. Wie sch\u00f6n ist es, auf Erden so zu lieben, wie man im Himmel lieben wird, und zu lernen, einander auf dieser Welt so herzlich verbunden zu sein, wie wir es in der anderen ewig sein werden! Ich spreche hier nicht von der einfachen N\u00e4chstenliebe, die wir allen Menschen schulden, sondern von der geistlichen Freundschaft, in der zwei, drei oder mehr Seelen einander ihre Fr\u00f6mmigkeit mitteilen, ihre geistigen Empfindungen austauschen und eins werden im Geist. Mit Recht k\u00f6nnen diese gl\u00fccklichen Menschen singen: \u201eWie sch\u00f6n und lieblich ist es, wenn Br\u00fcder einig zusammenleben!\u201c (<a href=\"https:\/\/www.bibleserver.com\/NLB\/Psalm133%2C1\" class=\"bibleserver extern\" target=\"_blank\" rel=\"noopener noreferrer\">Ps 133,1<\/a>) [\u2026] Ich meine, dass jede andere Freundschaft im Vergleich damit nur ein Schatten ist [\u2026] F\u00fcr solche [\u2026], die mitten unter Weltmenschen die wahre Tugend anstreben, ist es notwendig, sich untereinander durch eine heilige Freundschaft zu verbinden; dadurch ermuntern sie sich gegenseitig, helfen einander und tragen sich gleichsam gegenseitig zum guten Ziel [\u2026] Niemand kann leugnen, dass der Herr in besonders liebevoller Freundschaft den Heiligen Johannes, Lazarus, Marta, Magdalena zugetan war, da es die Heilige Schrift bezeugt (<a href=\"https:\/\/www.bibleserver.com\/NLB\/Johannes13%2C23\" class=\"bibleserver extern\" target=\"_blank\" rel=\"noopener noreferrer\">Joh 13,23<\/a>; <a href=\"https:\/\/www.bibleserver.com\/text\/SLT\/Johannes11%2C5\" class=\"bibleserver extern\" target=\"_blank\" rel=\"noopener noreferrer\">11,5<\/a>). (aus Philothea. Anleitung zum frommen Leben, 3. Buch, 19. Kapitel, in: Werke des hl. Franz von Sales, Eichst\u00e4tt 2002, Band I, S. 154\u2013156, zitiert aus <a href=\"http:\/\/www.evangeliumtagfuertag.org\">Evangelium Tag f\u00fcr Tag<\/a>)<\/p><\/blockquote>\n","protected":false},"excerpt":{"rendered":"<p>Es ist nicht einfach einen guten Freund, eine gute Freundin zu finden. Noch viel schwieriger jedoch ist es, mit einer guten geistlichen, d. h. im Glauben verbundene Freundschaft beschenkt zu werden, einer Freundschaft, die einem hilft im Glauben zu bleiben und sogar darin zu wachsen. Hl. Franz von Sales (1567-1622), Bischof von Genf und Kirchenlehrer [&hellip;]<\/p>\n","protected":false},"author":1,"featured_media":7009,"comment_status":"open","ping_status":"open","sticky":false,"template":"","format":"standard","meta":{"jetpack_post_was_ever_published":false,"_jetpack_newsletter_access":"","_jetpack_dont_email_post_to_subs":false,"_jetpack_newsletter_tier_id":0,"_jetpack_memberships_contains_paywalled_content":false,"_jetpack_memberships_contains_paid_content":false,"footnotes":""},"categories":[2],"tags":[],"class_list":["post-7010","post","type-post","status-publish","format-standard","has-post-thumbnail","hentry","category-allgemein"],"jetpack_featured_media_url":"https:\/\/i0.wp.com\/www.projekt-kirche.de\/wp-content\/uploads\/2019\/07\/pexels-photo-1438072.jpeg?fit=1880%2C1255&ssl=1","jetpack_shortlink":"https:\/\/wp.me\/p4Sdv6-1P4","jetpack_sharing_enabled":true,"_links":{"self":[{"href":"https:\/\/www.projekt-kirche.de\/index.php?rest_route=\/wp\/v2\/posts\/7010","targetHints":{"allow":["GET"]}}],"collection":[{"href":"https:\/\/www.projekt-kirche.de\/index.php?rest_route=\/wp\/v2\/posts"}],"about":[{"href":"https:\/\/www.projekt-kirche.de\/index.php?rest_route=\/wp\/v2\/types\/post"}],"author":[{"embeddable":true,"href":"https:\/\/www.projekt-kirche.de\/index.php?rest_route=\/wp\/v2\/users\/1"}],"replies":[{"embeddable":true,"href":"https:\/\/www.projekt-kirche.de\/index.php?rest_route=%2Fwp%2Fv2%2Fcomments&post=7010"}],"version-history":[{"count":7,"href":"https:\/\/www.projekt-kirche.de\/index.php?rest_route=\/wp\/v2\/posts\/7010\/revisions"}],"predecessor-version":[{"id":8468,"href":"https:\/\/www.projekt-kirche.de\/index.php?rest_route=\/wp\/v2\/posts\/7010\/revisions\/8468"}],"wp:featuredmedia":[{"embeddable":true,"href":"https:\/\/www.projekt-kirche.de\/index.php?rest_route=\/wp\/v2\/media\/7009"}],"wp:attachment":[{"href":"https:\/\/www.projekt-kirche.de\/index.php?rest_route=%2Fwp%2Fv2%2Fmedia&parent=7010"}],"wp:term":[{"taxonomy":"category","embeddable":true,"href":"https:\/\/www.projekt-kirche.de\/index.php?rest_route=%2Fwp%2Fv2%2Fcategories&post=7010"},{"taxonomy":"post_tag","embeddable":true,"href":"https:\/\/www.projekt-kirche.de\/index.php?rest_route=%2Fwp%2Fv2%2Ftags&post=7010"}],"curies":[{"name":"wp","href":"https:\/\/api.w.org\/{rel}","templated":true}]}}