{"id":7017,"date":"2019-08-11T12:41:02","date_gmt":"2019-08-11T10:41:02","guid":{"rendered":"https:\/\/www.projekt-kirche.de\/?p=7017"},"modified":"2020-05-08T20:41:05","modified_gmt":"2020-05-08T18:41:05","slug":"ueber-den-reichtum","status":"publish","type":"post","link":"https:\/\/www.projekt-kirche.de\/?p=7017","title":{"rendered":"\u00dcber den Reichtum"},"content":{"rendered":"<div class=\"shariff\" data-title=\"\u00dcber den Reichtum\" data-info-url=\"http:\/\/ct.de\/-2467514\" data-backend-url=\"https:\/\/www.projekt-kirche.de\/wp-content\/plugins\/shariff-sharing\/backend\/index.php\" data-temp=\"\/tmp\" data-ttl=\"60\" data-service=\"gftr\" data-services='[\"googleplus\",\"facebook\",\"twitter\",\"reddit\",\"info\"]' data-image=\"\" data-url=\"https:\/\/www.projekt-kirche.de\/?p=7017\" data-lang=\"de\" data-theme=\"colored\" data-orientation=\"horizontal\"><\/div><p>Reichtum ist an sich nichts Schlechtes. Im Gegenteil. Aber man tr\u00e4gt auch eine Verantwortung. Denn letztlich ist alles, was man besitzt ein Geschenk Gottes.<\/p>\n<p><!--more--><\/p>\n<p>Der Hl. Basilius (um 330-379), M\u00f6nch, Bischof von Caesarea in Kappadozien und Kirchenlehrer schreibt dazu folgendes:<\/p>\n<blockquote><p>\u201eWas soll ich tun? Ich werde gr\u00f6\u00dfere Scheunen bauen!\u201c Warum waren sie so ertragreich, die L\u00e4ndereien dieses Mannes, der von seinem Reichtum blo\u00df schlechten Gebrauch machen w\u00fcrde? Dadurch sollte die unermessliche G\u00fcte Gottes, dessen Gnade sich auf alle erstreckt, noch deutlicher offenbar werden, \u201edenn er l\u00e4sst seine Sonne aufgehen \u00fcber B\u00f6sen und Guten, und er l\u00e4sst regnen \u00fcber Gerechte und Ungerechte\u201c (<a href=\"https:\/\/www.bibleserver.com\/NLB\/Matth%C3%A4us5%2C45\" class=\"bibleserver extern\" target=\"_blank\" rel=\"noopener noreferrer\">Mt 5,45<\/a>) [\u2026] Solche Wohltaten erwies Gott diesem Reichen: fruchtbares Ackerland, mildes Klima, reichlich Saatgut, Ochsen f\u00fcr die Feldarbeit und alles, was den Wohlstand sichert. Und er, was gibt er daf\u00fcr zur\u00fcck? Schlechte Laune, Verdrossenheit und Ichsucht. So dankte er seinem Wohlt\u00e4ter. Er verga\u00df, dass wir alle zu derselben menschlichen Natur geh\u00f6ren. Es dachte nicht daran, seinen \u00dcberfluss an die Armen zu verteilen. Er ignorierte diese g\u00f6ttlichen Anweisungen: \u201eVersag keine Wohltat dem, der sie braucht\u201c (<a href=\"https:\/\/www.bibleserver.com\/NLB\/Spr%C3%BCche3%2C27\" class=\"bibleserver extern\" target=\"_blank\" rel=\"noopener noreferrer\">Spr 3,27<\/a>); \u201eNie sollen Liebe und Treue dich verlassen\u201c (3,3); \u201eTeile dein Brot an die Hungrigen aus\u201c (vgl. <a href=\"https:\/\/www.bibleserver.com\/NLB\/Jesaja58%2C7\" class=\"bibleserver extern\" target=\"_blank\" rel=\"noopener noreferrer\">Jes 58,7<\/a>). Alle Propheten, alle Weisen riefen ihm diese Anweisungen zu, aber er stellte sich taub. Seine Speicher quollen \u00fcber, sie waren viel zu klein f\u00fcr das Getreide, das in ihnen angeh\u00e4uft wurde; sein Herz aber war noch nicht befriedigt [\u2026] Er wollte nichts weggeben, konnte aber nicht alles lagern. Dieses Problem setzte ihm zu: \u201eWas soll ich tun?\u201c, fragte er sich immer wieder. Wer sollte nicht Mitleid haben mit einem derart besessenen Mann? Der \u00dcberfluss macht ihn ungl\u00fccklich [\u2026]; er jammert genauso wie die Habenichtse: \u201eWas soll ich tun?\u201c \u201eWas soll ich essen, was soll ich anziehen?\u201c [\u2026] Bedenke, Mensch, wer es ist, dich mit seinen Gaben \u00fcberh\u00e4uft. Denke ein wenig \u00fcber dich selbst nach. Wer bist du? Was ist dir anvertraut worden? Von wem hast du diese Verantwortung bekommen? Warum wurdest du auserw\u00e4hlt? Du bist der Diener des guten Gottes; du bist verantwortlich f\u00fcr deine Gef\u00e4hrten, die mit dir im Dienst stehen [\u2026] \u201eWas soll ich tun?\u201c Die Antwort ist einfach: \u201eIch will die Hungrigen s\u00e4ttigen, die Armen einladen [\u2026] Ihr alle, denen es an Brot mangelt, kommt und sch\u00f6pft die von Gott geschenkten Gaben, die wie aus einem Brunnen flie\u00dfen.\u201c (Homilie 6, \u00fcber den Reichtum; PG 31, 261, trad. <a href=\"http:\/\/www.evangeliumtagfuertag.org\">Evangelizo<\/a>)<\/p><\/blockquote>\n","protected":false},"excerpt":{"rendered":"<p>Reichtum ist an sich nichts Schlechtes. Im Gegenteil. Aber man tr\u00e4gt auch eine Verantwortung. Denn letztlich ist alles, was man besitzt ein Geschenk Gottes.<\/p>\n","protected":false},"author":1,"featured_media":7025,"comment_status":"open","ping_status":"open","sticky":false,"template":"","format":"standard","meta":{"jetpack_post_was_ever_published":false,"_jetpack_newsletter_access":"","_jetpack_dont_email_post_to_subs":false,"_jetpack_newsletter_tier_id":0,"_jetpack_memberships_contains_paywalled_content":false,"_jetpack_memberships_contains_paid_content":false,"footnotes":""},"categories":[2],"tags":[],"class_list":["post-7017","post","type-post","status-publish","format-standard","has-post-thumbnail","hentry","category-allgemein"],"jetpack_featured_media_url":"https:\/\/i0.wp.com\/www.projekt-kirche.de\/wp-content\/uploads\/2019\/08\/pexels-photo-220365-2.jpeg?fit=1880%2C1253&ssl=1","jetpack_shortlink":"https:\/\/wp.me\/p4Sdv6-1Pb","jetpack_sharing_enabled":true,"_links":{"self":[{"href":"https:\/\/www.projekt-kirche.de\/index.php?rest_route=\/wp\/v2\/posts\/7017","targetHints":{"allow":["GET"]}}],"collection":[{"href":"https:\/\/www.projekt-kirche.de\/index.php?rest_route=\/wp\/v2\/posts"}],"about":[{"href":"https:\/\/www.projekt-kirche.de\/index.php?rest_route=\/wp\/v2\/types\/post"}],"author":[{"embeddable":true,"href":"https:\/\/www.projekt-kirche.de\/index.php?rest_route=\/wp\/v2\/users\/1"}],"replies":[{"embeddable":true,"href":"https:\/\/www.projekt-kirche.de\/index.php?rest_route=%2Fwp%2Fv2%2Fcomments&post=7017"}],"version-history":[{"count":6,"href":"https:\/\/www.projekt-kirche.de\/index.php?rest_route=\/wp\/v2\/posts\/7017\/revisions"}],"predecessor-version":[{"id":8518,"href":"https:\/\/www.projekt-kirche.de\/index.php?rest_route=\/wp\/v2\/posts\/7017\/revisions\/8518"}],"wp:featuredmedia":[{"embeddable":true,"href":"https:\/\/www.projekt-kirche.de\/index.php?rest_route=\/wp\/v2\/media\/7025"}],"wp:attachment":[{"href":"https:\/\/www.projekt-kirche.de\/index.php?rest_route=%2Fwp%2Fv2%2Fmedia&parent=7017"}],"wp:term":[{"taxonomy":"category","embeddable":true,"href":"https:\/\/www.projekt-kirche.de\/index.php?rest_route=%2Fwp%2Fv2%2Fcategories&post=7017"},{"taxonomy":"post_tag","embeddable":true,"href":"https:\/\/www.projekt-kirche.de\/index.php?rest_route=%2Fwp%2Fv2%2Ftags&post=7017"}],"curies":[{"name":"wp","href":"https:\/\/api.w.org\/{rel}","templated":true}]}}