{"id":7029,"date":"2019-08-20T11:22:04","date_gmt":"2019-08-20T09:22:04","guid":{"rendered":"https:\/\/www.projekt-kirche.de\/?p=7029"},"modified":"2020-05-08T20:41:05","modified_gmt":"2020-05-08T18:41:05","slug":"ueber-die-beichte","status":"publish","type":"post","link":"https:\/\/www.projekt-kirche.de\/?p=7029","title":{"rendered":"\u00dcber die Beichte"},"content":{"rendered":"<div class=\"shariff\" data-title=\"\u00dcber die Beichte\" data-info-url=\"http:\/\/ct.de\/-2467514\" data-backend-url=\"https:\/\/www.projekt-kirche.de\/wp-content\/plugins\/shariff-sharing\/backend\/index.php\" data-temp=\"\/tmp\" data-ttl=\"60\" data-service=\"gftr\" data-services='[\"googleplus\",\"facebook\",\"twitter\",\"reddit\",\"info\"]' data-image=\"\" data-url=\"https:\/\/www.projekt-kirche.de\/?p=7029\" data-lang=\"de\" data-theme=\"colored\" data-orientation=\"horizontal\"><\/div><p>Die Beichte ist so ein Thema. F\u00fcr mich eher ein unangenehmes. Etwas, was ich lieber vermeiden w\u00fcrde. Aber wir Menschen brauchen die Beichte. Leider.<\/p>\n<p><!--more--><\/p>\n<p>Was wir aber dabei nie vergessen d\u00fcrfen ist Folgendes: Jesus freut sich riesig, wenn wir zu ihm kommen und unsere S\u00fcnden bekennen. Denn er vergibt gern. Und genau deshalb ist er ja auch f\u00fcr uns am Kreuz gestorben.<\/p>\n<p>Mutter Teresa von Kalkutta (1910-1997), Gr\u00fcnderin der Missionarinnen der N\u00e4chstenliebe schreibt \u00fcber die Beichte Folgendes:<\/p>\n<blockquote>\n<p class=\"GospelReading-text GospelCommentary-description commentary-description wsp\" style=\"line-height:1.4;font-weight:500;font-size:1.33em;font-family:Roboto;font-style:normal;letter-spacing:normal;text-transform:none;text-align:left\">Die Beichte ist ein gro\u00dfartiges Geschehen, ein Akt gro\u00dfer Liebe, nur hier k\u00f6nnen wir als S\u00fcnder, als S\u00fcndenbeladene hineingehen und herauskommen als S\u00fcnder, denen vergeben ist, als S\u00fcndenfreie.<\/p>\n<p>Die Beichte ist niemals etwas anderes als in die Tat umgesetzte Demut. Wir nannten sie fr\u00fcher Bu\u00dfsakrament; aber in Wahrheit handelt es sich um ein Sakrament der Liebe, um ein Sakrament der Vers\u00f6hnung. Wenn sich eine Bresche auftut zwischen mir und Christus, wenn ein Riss durch meine Liebe geht, dann kann alles M\u00f6gliche diese Spalte auff\u00fcllen. Die Beichte ist der Zeitpunkt, wo ich Christus erlaube, alles von mir zu nehmen, was spaltet, alles was zerst\u00f6rt. Dass ich S\u00fcnder bin, muss mir bewusst sein. Die meisten von uns laufen Gefahr zu vergessen, dass wir S\u00fcnder sind und dass wir als solche in die Beichte gehen. Wir m\u00fcssen uns an Gott wenden, um ihm zu sagen, wie tiefbetr\u00fcbt wir sind \u00fcber alles, was wir zu tun im Stande waren und was ihn verletzt hat.<\/p>\n<p>Der Beichtstuhl ist kein Ort f\u00fcr banale Unterhaltung oder blo\u00dfes Gerede. Hier geht es nur um das Eine: um meine S\u00fcnden, meine Reue, meine Vergebung; darum, wie ich meiner Versuchungen Herr werden kann, wie ich Tugend in die Tat umsetzen kann und wie die Liebe zu Gott wachsen kann. (aus &#8220;Es gibt keine gr\u00f6\u00dfere Liebe&#8221; 1997, S. 116, zitiert von <a href=\"http:\/\/www.evangeliumtagfuertag.org\">Evangelium Tag f\u00fcr Tag<\/a>)<\/p><\/blockquote>\n","protected":false},"excerpt":{"rendered":"<p>Die Beichte ist so ein Thema. F\u00fcr mich eher ein unangenehmes. Etwas, was ich lieber vermeiden w\u00fcrde. Aber wir Menschen brauchen die Beichte. Leider.<\/p>\n","protected":false},"author":1,"featured_media":7053,"comment_status":"open","ping_status":"open","sticky":false,"template":"","format":"standard","meta":{"jetpack_post_was_ever_published":false,"_jetpack_newsletter_access":"","_jetpack_dont_email_post_to_subs":false,"_jetpack_newsletter_tier_id":0,"_jetpack_memberships_contains_paywalled_content":false,"_jetpack_memberships_contains_paid_content":false,"footnotes":""},"categories":[2],"tags":[],"class_list":["post-7029","post","type-post","status-publish","format-standard","has-post-thumbnail","hentry","category-allgemein"],"jetpack_featured_media_url":"https:\/\/i0.wp.com\/www.projekt-kirche.de\/wp-content\/uploads\/2019\/08\/pexels-photo-262218.jpeg?fit=867%2C1300&ssl=1","jetpack_shortlink":"https:\/\/wp.me\/p4Sdv6-1Pn","jetpack_sharing_enabled":true,"_links":{"self":[{"href":"https:\/\/www.projekt-kirche.de\/index.php?rest_route=\/wp\/v2\/posts\/7029","targetHints":{"allow":["GET"]}}],"collection":[{"href":"https:\/\/www.projekt-kirche.de\/index.php?rest_route=\/wp\/v2\/posts"}],"about":[{"href":"https:\/\/www.projekt-kirche.de\/index.php?rest_route=\/wp\/v2\/types\/post"}],"author":[{"embeddable":true,"href":"https:\/\/www.projekt-kirche.de\/index.php?rest_route=\/wp\/v2\/users\/1"}],"replies":[{"embeddable":true,"href":"https:\/\/www.projekt-kirche.de\/index.php?rest_route=%2Fwp%2Fv2%2Fcomments&post=7029"}],"version-history":[{"count":9,"href":"https:\/\/www.projekt-kirche.de\/index.php?rest_route=\/wp\/v2\/posts\/7029\/revisions"}],"predecessor-version":[{"id":7055,"href":"https:\/\/www.projekt-kirche.de\/index.php?rest_route=\/wp\/v2\/posts\/7029\/revisions\/7055"}],"wp:featuredmedia":[{"embeddable":true,"href":"https:\/\/www.projekt-kirche.de\/index.php?rest_route=\/wp\/v2\/media\/7053"}],"wp:attachment":[{"href":"https:\/\/www.projekt-kirche.de\/index.php?rest_route=%2Fwp%2Fv2%2Fmedia&parent=7029"}],"wp:term":[{"taxonomy":"category","embeddable":true,"href":"https:\/\/www.projekt-kirche.de\/index.php?rest_route=%2Fwp%2Fv2%2Fcategories&post=7029"},{"taxonomy":"post_tag","embeddable":true,"href":"https:\/\/www.projekt-kirche.de\/index.php?rest_route=%2Fwp%2Fv2%2Ftags&post=7029"}],"curies":[{"name":"wp","href":"https:\/\/api.w.org\/{rel}","templated":true}]}}