{"id":704,"date":"2009-01-22T11:39:14","date_gmt":"2009-01-22T09:39:14","guid":{"rendered":"http:\/\/sschweizer.wordpress.com\/?p=704"},"modified":"2020-05-09T04:26:36","modified_gmt":"2020-05-09T02:26:36","slug":"wie-ich-mit-kritik-umgehe","status":"publish","type":"post","link":"https:\/\/www.projekt-kirche.de\/?p=704","title":{"rendered":"Wie ich mit Kritik umgehe"},"content":{"rendered":"<div class=\"shariff\" data-title=\"Wie ich mit Kritik umgehe\" data-info-url=\"http:\/\/ct.de\/-2467514\" data-backend-url=\"https:\/\/www.projekt-kirche.de\/wp-content\/plugins\/shariff-sharing\/backend\/index.php\" data-temp=\"\/tmp\" data-ttl=\"60\" data-service=\"gftr\" data-services='[\"googleplus\",\"facebook\",\"twitter\",\"reddit\",\"info\"]' data-image=\"\" data-url=\"https:\/\/www.projekt-kirche.de\/?p=704\" data-lang=\"de\" data-theme=\"colored\" data-orientation=\"horizontal\"><\/div><p>Dirk hat mir ein Blogst\u00f6ckchen zugeworfen mit der Frage wie ich mit Kritik umgehe (siehe sein Beitrag <a title=\"Dirk's Beitrag &quot;Kritik II&quot;\" href=\"http:\/\/dikosss.wordpress.com\/2009\/01\/19\/kritik-ii\/\" target=\"_blank\" rel=\"noopener noreferrer\">Kritik II<\/a>).<\/p>\n<p>Tja, so ganz allgemein kann ich da keine Antwort geben. Das h\u00e4ngt von einer Menge verschiedener Faktoren\/Fragen ab:<\/p>\n<ol>\n<li>Auf welches\u00a0Thema\/Sache bezieht sich die Kritik\u00a0 (z.B. meine F\u00e4higkeiten, mein Glaube, mein Charakter, mein Aussehen&#8230;) ?<\/li>\n<li>Ist die Kritik konstruktiv oder &#8220;vernichtend&#8221; (kann ich daraus etwas lernen oder ist sie lediglich beleidigend)?<\/li>\n<li>In welcher emotionalen Verfassung bin ich gerade (in einem Hoch voller Selbstbewusstsein oder gerade empfindlich und leicht verletzbar)?<\/li>\n<li>Kann ich &#8220;\u00fcber der Sache stehen&#8221;, da die Kritik entweder nicht pers\u00f6nlich gemeint war oder ich &#8220;meiner Sache sehr sicher bin&#8221;?<\/li>\n<li>Ganz \u00e4hnlich: Trifft die Kritik einen meiner wunden Punkte oder eher Dinge, bei denen ich meijne St\u00e4rken habe bzw. mir meiner Fehler sowieso bewusst bin?<\/li>\n<li>Von wem kommt die Kritik (von meiner Frau, einem lieben Freund, vom Chef oder von jemand, der mich offensichtlich nicht mag)?<\/li>\n<li>etc. pp<\/li>\n<\/ol>\n<p>Dazu kommt noch die Sache wie ich auf Kritik reagieren WILL und wie ich dann auf Kritik TATS\u00c4CHLICH reagiere (Soll\/Ist).<\/p>\n<p><!--more--><\/p>\n<p>Grunds\u00e4tzlich bin ich vom Typ eher jemand, der keine Fehler haben bzw. machen will (ein Perfektionist), weil &#8230; er sich daf\u00fcr sch\u00e4mt(!). Das erkl\u00e4rt \u00fcbrigens zum Teil meine sehr guten schulischen Leistungen&#8230;<\/p>\n<p>Mit der Zeit habe ich aber mehr und mehr gelernt (gezwungenerma\u00dfen, da ich sonst mein Leben nicht mehr h\u00e4tte &#8220;meistern&#8221; k\u00f6nnen), lockerer mit eigenen Fehlern und auch Kritik umzugehen (auch wenn\u00a0mir pers\u00f6nliche Kritik heute\u00a0immer noch\u00a0oft ziemlich unangenehm ist).<\/p>\n<p>Ich habe mir fr\u00fcher\u00a0unheimlich viele Gedanken gemacht, was der bzw. die anderen \u00fcber mich denken. Das hat mich nat\u00fcrlich enorm belastet und auch gehemmt. Ich bewunderte damals\u00a0die Leute, die so selbstbewusst waren (oder zumindest schienen), dass sie sich offensichtlich kaum was aus der Meinung anderer machten. Das waren aber teilweise\u00a0auch ziemlich\u00a0oberfl\u00e4chliche und unsensible Typen (so wollte ich nat\u00fcrlich auch nicht sein). Der Mittelweg w\u00e4re eben gut.<\/p>\n<p>Ich habe\u00a0\u00fcbrigens festgestellt, dass ein gesundes Selbstbewusstsein sehr hilfreich ist, um nicht nur sich selbst, sondern auch andere besser lieben zu k\u00f6nnen. Zudem kann man mit einem gesunden Selbstbewusstsein mit Kritik besser (d.h. sachlicher) umgehen. Von dem her ist das eigene Selbstbewusstsein sehr wichtig (nat\u00fcrlich sollte dies nicht darin begr\u00fcndet sein, dass man sich selbst f\u00fcr so toll\u00a0h\u00e4lt, sondern vor allem, darin, dass man sich von Gott geliebt und gesch\u00e4tzt wei\u00df).\u00a0<\/p>\n<p>Wenn ich auf Kritik vorbereitet bin (d.h. wenn ich\u00a0Kritik erwarte), f\u00e4llt es mir i.d.R. leichter, diese dann auch anzunehmen (und nicht irgendwie abzuwehren).<\/p>\n<p>Im Beruflichen freue ich mich \u00fcbrigens oft \u00fcber (konstruktive) Kritik, da ich dadurch besser werden kann. &#8220;Selbst&#8221; in Glaubensfragen bin ich \u00fcber Hinweise auf Fehler in meiner Denk- (bzw. Handlungsweise) (i.d.R.) dankbar.<\/p>\n<p>Bzgl. Kritik an Predigten (ich habe fr\u00fcher auch ab und an kleinere &#8220;Predigten&#8221; gehalten) ist es denke ich hilfreich, wenn man sich &#8220;einfach&#8221; nur als Diener Gottes versteht (und Gott wei\u00df ja genau, was wir k\u00f6nnen und was nicht). Solange man versucht bewusst Gott (und nicht seinem eigenen Ego oder seinem Ansehen) zu\u00a0dienen, dann kann man m.E. Kritik besser handhaben. Denn schlie\u00dflich braucht man ja auch (konstruktive) Kritik, um Gott (und damit auch den Menschen) besser dienen zu k\u00f6nnen. Wer ist schon perfekt?<\/p>\n<p>Kurzum, wie ich mit Kritik umgehe (bzw. umgehen will) h\u00e4ngt von sehr vielen Aspekten ab. Manchmal schaffe ich es, dass ich genau so auf Kritik reagiere wie ich das selbst gut finde. Manchmal aber auch nicht. Aber um weiter zu k\u00f6nnen (geistlich wie auch menschlich) muss man irgendwie lernen, mit Kritik zu leben (und von ihr zu profitieren!). Zumindest kann man ja\u00a0in jedem Fall an der eigenen Demut arbeiten. Und das ist ja immer gut, gell?<\/p>\n","protected":false},"excerpt":{"rendered":"<p>Dirk hat mir ein Blogst\u00f6ckchen zugeworfen mit der Frage wie ich mit Kritik umgehe (siehe sein Beitrag Kritik II). Tja, so ganz allgemein kann ich da keine Antwort geben. Das h\u00e4ngt von einer Menge verschiedener Faktoren\/Fragen ab: Auf welches\u00a0Thema\/Sache bezieht sich die Kritik\u00a0 (z.B. meine F\u00e4higkeiten, mein Glaube, mein Charakter, mein Aussehen&#8230;) ? Ist die [&hellip;]<\/p>\n","protected":false},"author":1,"featured_media":0,"comment_status":"open","ping_status":"open","sticky":false,"template":"","format":"standard","meta":{"jetpack_post_was_ever_published":false,"_jetpack_newsletter_access":"","_jetpack_dont_email_post_to_subs":false,"_jetpack_newsletter_tier_id":0,"_jetpack_memberships_contains_paywalled_content":false,"_jetpack_memberships_contains_paid_content":false,"footnotes":""},"categories":[2],"tags":[],"class_list":["post-704","post","type-post","status-publish","format-standard","hentry","category-allgemein"],"jetpack_featured_media_url":"","jetpack_shortlink":"https:\/\/wp.me\/p4Sdv6-bm","jetpack_sharing_enabled":true,"_links":{"self":[{"href":"https:\/\/www.projekt-kirche.de\/index.php?rest_route=\/wp\/v2\/posts\/704","targetHints":{"allow":["GET"]}}],"collection":[{"href":"https:\/\/www.projekt-kirche.de\/index.php?rest_route=\/wp\/v2\/posts"}],"about":[{"href":"https:\/\/www.projekt-kirche.de\/index.php?rest_route=\/wp\/v2\/types\/post"}],"author":[{"embeddable":true,"href":"https:\/\/www.projekt-kirche.de\/index.php?rest_route=\/wp\/v2\/users\/1"}],"replies":[{"embeddable":true,"href":"https:\/\/www.projekt-kirche.de\/index.php?rest_route=%2Fwp%2Fv2%2Fcomments&post=704"}],"version-history":[{"count":2,"href":"https:\/\/www.projekt-kirche.de\/index.php?rest_route=\/wp\/v2\/posts\/704\/revisions"}],"predecessor-version":[{"id":7806,"href":"https:\/\/www.projekt-kirche.de\/index.php?rest_route=\/wp\/v2\/posts\/704\/revisions\/7806"}],"wp:attachment":[{"href":"https:\/\/www.projekt-kirche.de\/index.php?rest_route=%2Fwp%2Fv2%2Fmedia&parent=704"}],"wp:term":[{"taxonomy":"category","embeddable":true,"href":"https:\/\/www.projekt-kirche.de\/index.php?rest_route=%2Fwp%2Fv2%2Fcategories&post=704"},{"taxonomy":"post_tag","embeddable":true,"href":"https:\/\/www.projekt-kirche.de\/index.php?rest_route=%2Fwp%2Fv2%2Ftags&post=704"}],"curies":[{"name":"wp","href":"https:\/\/api.w.org\/{rel}","templated":true}]}}