{"id":7073,"date":"2019-09-16T08:23:37","date_gmt":"2019-09-16T06:23:37","guid":{"rendered":"https:\/\/www.projekt-kirche.de\/?p=7073"},"modified":"2020-05-09T02:44:45","modified_gmt":"2020-05-09T00:44:45","slug":"sehnsucht-nach-gott-2","status":"publish","type":"post","link":"https:\/\/www.projekt-kirche.de\/?p=7073","title":{"rendered":"Sehnsucht nach Gott"},"content":{"rendered":"<div class=\"shariff\" data-title=\"Sehnsucht nach Gott\" data-info-url=\"http:\/\/ct.de\/-2467514\" data-backend-url=\"https:\/\/www.projekt-kirche.de\/wp-content\/plugins\/shariff-sharing\/backend\/index.php\" data-temp=\"\/tmp\" data-ttl=\"60\" data-service=\"gftr\" data-services='[\"googleplus\",\"facebook\",\"twitter\",\"reddit\",\"info\"]' data-image=\"\" data-url=\"https:\/\/www.projekt-kirche.de\/?p=7073\" data-lang=\"de\" data-theme=\"colored\" data-orientation=\"horizontal\"><\/div><p>In jedem Menschen steckt eine Sehnsucht nach Gott. Nicht jeder ist sich dieser Sehnsucht bewusst. Manche haben sie bewusst oder unbewusst verdr\u00e4ngt oder sie wurden falsch gelehrt.<\/p>\n<p>Im Katechismus der Katholischen Kirche wird dieses Thema sehr sch\u00f6n beschrieben:<\/p>\n<p><!--more--><\/p>\n<p>Das Verlangen nach Gott ist dem Menschen ins Herz geschrieben, denn der Mensch ist von Gott und f\u00fcr Gott erschaffen. Gott h\u00f6rt nie auf, ihn an sich zu ziehen. Nur in Gott wird der Mensch die Wahrheit und das Gl\u00fcck finden, wonach er unabl\u00e4ssig sucht [\u2026] Von jeher geben die Menschen durch ihre Glaubensanschauungen und religi\u00f6sen Verhaltensweisen (wie Gebet, Opfer, Kult und Meditation) ihrem Suchen nach Gott mannigfach Ausdruck. Diese Ausdrucksweisen k\u00f6nnen mehrdeutig sein, sind aber so allgemein vorhanden, dass man den Menschen als ein religi\u00f6ses Wesen bezeichnen kann [\u2026] Diese \u201einnigste und lebenskr\u00e4ftige Verbindung mit Gott\u201c (GS 19,1) kann jedoch vom Menschen vergessen, verkannt, ja ausdr\u00fccklich zur\u00fcckgewiesen werden. Solche Haltungen k\u00f6nnen verschiedenste Ursachen haben (vgl. GS 19\u201321): Auflehnung gegen das \u00dcbel in der Welt, religi\u00f6se Unwissenheit oder Gleichg\u00fcltigkeit, irdische Sorgen und Reichtum (vgl. <a href=\"https:\/\/www.bibleserver.com\/NLB\/Matth%C3%A4us13%2C22\" class=\"bibleserver extern\" target=\"_blank\" rel=\"noopener noreferrer\">Mt 13,22<\/a>), schlechtes Beispiel der Gl\u00e4ubigen, religionsfeindliche Denkstr\u00f6mungen und schlie\u00dflich die Neigung des s\u00fcndigen Menschen, sich aus Angst vor Gott zu verbergen (vgl. <a href=\"https:\/\/www.bibleserver.com\/NLB\/1.Mose3%2C8-10\" class=\"bibleserver extern\" target=\"_blank\" rel=\"noopener noreferrer\">Gen 3,8\u201310<\/a>) und vor dem Ruf des Herrn zu fliehen (vgl. <a href=\"https:\/\/www.bibleserver.com\/NLB\/Jona1%2C3\" class=\"bibleserver extern\" target=\"_blank\" rel=\"noopener noreferrer\">Jona 1,3<\/a>). \u201eAlle, die den Herrn suchen, sollen sich von Herzen freuen\u201c (<a href=\"https:\/\/www.bibleserver.com\/NLB\/Psalm105%2C3\" class=\"bibleserver extern\" target=\"_blank\" rel=\"noopener noreferrer\">Ps 105,3<\/a>). Mag auch der Mensch Gott vergessen oder zur\u00fcckweisen, h\u00f6rt Gott doch nicht auf, jeden Menschen zu rufen, damit dieser ihn suche und dadurch lebe und sein Gl\u00fcck finde. Dieses Suchen fordert aber vom Menschen die ganze Anstrengung des Denkens und die gerade Ausrichtung des Willens, \u201eein aufrichtiges Herz\u201c, und auch das Zeugnis anderer, die ihn lehren, Gott zu suchen. \u201eGro\u00df bist du, Herr, und \u00fcberaus lobw\u00fcrdig; gro\u00df ist deine St\u00e4rke und unermesslich deine Weisheit. Und loben will dich der Mensch, der selbst ein Teilchen deiner Sch\u00f6pfung ist, der Mensch, der seine Sterblichkeit mit sich herumtr\u00e4gt und in ihr das Zeugnis seiner S\u00fcndhaftigkeit und das Zeugnis, dass du den Stolzen widerstehst. Und dennoch will er dich loben, der Mensch, der selbst ein Teilchen deiner Sch\u00f6pfung ist. Du treibst uns an, so dass wir mit Freuden dich loben, denn du hast uns auf dich hin geschaffen, und ruhelos ist unser Herz, bis es ruhet in dir\u201c (hl. Augustinus, conf. 1,1,1). <a href=\"http:\/\/www.vatican.va\/archive\/DEU0035\/_PF.HTM\">(KKK \u00a7\u00a7 27\u201330)<\/a><\/p>\n","protected":false},"excerpt":{"rendered":"<p>In jedem Menschen steckt eine Sehnsucht nach Gott. Nicht jeder ist sich dieser Sehnsucht bewusst. Manche haben sie bewusst oder unbewusst verdr\u00e4ngt oder sie wurden falsch gelehrt. Im Katechismus der Katholischen Kirche wird dieses Thema sehr sch\u00f6n beschrieben:<\/p>\n","protected":false},"author":1,"featured_media":7074,"comment_status":"open","ping_status":"open","sticky":false,"template":"","format":"standard","meta":{"jetpack_post_was_ever_published":false,"_jetpack_newsletter_access":"","_jetpack_dont_email_post_to_subs":false,"_jetpack_newsletter_tier_id":0,"_jetpack_memberships_contains_paywalled_content":false,"_jetpack_memberships_contains_paid_content":false,"footnotes":""},"categories":[2],"tags":[],"class_list":["post-7073","post","type-post","status-publish","format-standard","has-post-thumbnail","hentry","category-allgemein"],"jetpack_featured_media_url":"https:\/\/i0.wp.com\/www.projekt-kirche.de\/wp-content\/uploads\/2019\/09\/pexels-photo-556416.jpeg?fit=1880%2C1242&ssl=1","jetpack_shortlink":"https:\/\/wp.me\/p4Sdv6-1Q5","jetpack_sharing_enabled":true,"_links":{"self":[{"href":"https:\/\/www.projekt-kirche.de\/index.php?rest_route=\/wp\/v2\/posts\/7073","targetHints":{"allow":["GET"]}}],"collection":[{"href":"https:\/\/www.projekt-kirche.de\/index.php?rest_route=\/wp\/v2\/posts"}],"about":[{"href":"https:\/\/www.projekt-kirche.de\/index.php?rest_route=\/wp\/v2\/types\/post"}],"author":[{"embeddable":true,"href":"https:\/\/www.projekt-kirche.de\/index.php?rest_route=\/wp\/v2\/users\/1"}],"replies":[{"embeddable":true,"href":"https:\/\/www.projekt-kirche.de\/index.php?rest_route=%2Fwp%2Fv2%2Fcomments&post=7073"}],"version-history":[{"count":6,"href":"https:\/\/www.projekt-kirche.de\/index.php?rest_route=\/wp\/v2\/posts\/7073\/revisions"}],"predecessor-version":[{"id":8555,"href":"https:\/\/www.projekt-kirche.de\/index.php?rest_route=\/wp\/v2\/posts\/7073\/revisions\/8555"}],"wp:featuredmedia":[{"embeddable":true,"href":"https:\/\/www.projekt-kirche.de\/index.php?rest_route=\/wp\/v2\/media\/7074"}],"wp:attachment":[{"href":"https:\/\/www.projekt-kirche.de\/index.php?rest_route=%2Fwp%2Fv2%2Fmedia&parent=7073"}],"wp:term":[{"taxonomy":"category","embeddable":true,"href":"https:\/\/www.projekt-kirche.de\/index.php?rest_route=%2Fwp%2Fv2%2Fcategories&post=7073"},{"taxonomy":"post_tag","embeddable":true,"href":"https:\/\/www.projekt-kirche.de\/index.php?rest_route=%2Fwp%2Fv2%2Ftags&post=7073"}],"curies":[{"name":"wp","href":"https:\/\/api.w.org\/{rel}","templated":true}]}}