{"id":7121,"date":"2019-11-08T07:46:25","date_gmt":"2019-11-08T06:46:25","guid":{"rendered":"https:\/\/www.projekt-kirche.de\/?p=7121"},"modified":"2020-05-08T19:15:47","modified_gmt":"2020-05-08T17:15:47","slug":"ueber-die-arbeit","status":"publish","type":"post","link":"https:\/\/www.projekt-kirche.de\/?p=7121","title":{"rendered":"\u00dcber die Arbeit"},"content":{"rendered":"<div class=\"shariff\" data-title=\"\u00dcber die Arbeit\" data-info-url=\"http:\/\/ct.de\/-2467514\" data-backend-url=\"https:\/\/www.projekt-kirche.de\/wp-content\/plugins\/shariff-sharing\/backend\/index.php\" data-temp=\"\/tmp\" data-ttl=\"60\" data-service=\"gftr\" data-services='[\"googleplus\",\"facebook\",\"twitter\",\"reddit\",\"info\"]' data-image=\"\" data-url=\"https:\/\/www.projekt-kirche.de\/?p=7121\" data-lang=\"de\" data-theme=\"colored\" data-orientation=\"horizontal\"><\/div><p>Wie sollen wir unseren Glauben im Beruf leben?<\/p>\n<p>Hat unsere Arbeit \u00fcberhaupt etwas mit dem Glauben zu tun?<\/p>\n<p>Jos\u00e9maria Escriva de Balaguer (1902-1975), Priester, Gr\u00fcnder des Opus Dei machte sich dazu folgende Gedanken:<\/p>\n<p><!--more--><\/p>\n<blockquote><p>Man sollte nicht vergessen, dass die W\u00fcrde der Arbeit sich auf die Liebe gr\u00fcndet [\u2026] Der Mensch darf sich nicht damit begn\u00fcgen, Dinge zu machen, Gegenst\u00e4nde herzustellen. Die Arbeit wird aus der Liebe geboren, gibt der Liebe Ausdruck, und regelt sich nach der Liebe. Wir erkennen Gott nicht nur in dem Schauspiel, das uns die Natur bietet, sondern auch in der Erfahrung unserer Arbeit und Bem\u00fchung. So ist die Arbeit Gebet, Danksagung; denn wir wissen, dass Gott uns auf der Erde unseren Platz zugewiesen hat, dass er uns liebt und wir die Erben seiner Verhei\u00dfung sind. Folgerichtig sagt er uns: \u201eOb ihr also esst oder trinkt oder etwas anderes tut: tut alles zur Verherrlichung Gottes\u201c (<a href=\"https:\/\/www.bibleserver.com\/NLB\/1.Korinther10%2C31\" class=\"bibleserver extern\" target=\"_blank\" rel=\"noopener noreferrer\">1 Kor 10,31<\/a>). Berufliche Arbeit ist auch Apostolat, eine Gelegenheit, sich den Mitmenschen hinzugeben, um ihnen Christus zu offenbaren und sie Gott dem Vater zuzuf\u00fchren, was nur eine Folge der Liebe ist, die der Heilige Geist in unsere Seelen ausgie\u00dft. Unter den Hinweisen, die Paulus den Ephesern gibt, wie sich ihre Bekehrung in der Praxis zeigen sollte, finden wir folgenden: \u201eDer Dieb soll nicht mehr stehlen, sondern arbeiten und sich mit seinen H\u00e4nden etwas verdienen, damit er den Notleidenden davon geben kann\u201c (<a href=\"https:\/\/www.bibleserver.com\/NLB\/Epheser4%2C28\" class=\"bibleserver extern\" target=\"_blank\" rel=\"noopener noreferrer\">Eph 4,28<\/a>). Die Menschen brauchen das Brot der Erde, um sich zu s\u00e4ttigen, aber auch das Brot des Himmels, damit es in ihren Herzen hell und warm wird. Bei eurer Arbeit, bei den Initiativen, die sich daraus entwickeln, bei euren Gespr\u00e4chen, in euren Beziehungen, k\u00f6nnt und sollt ihr diese Regel anwenden. Wenn wir in diesem Geist arbeiten, wird unser Leben, trotz aller Begrenzungen, die allem Irdischen anhaften, eine Vorwegnahme der himmlischen Herrlichkeit sein, eine Vorwegnahme der Verbindung mit Gott und den Heiligen, wo allein Liebe, Gro\u00dfmut, Treue, Freundschaft und Freude herrschen. Ihr findet in eurer normalen beruflichen Bet\u00e4tigung das wirkliche, handfeste und solide Material, mit dem es euch m\u00f6glich wird, eurem ganzen christlichen Leben Gestalt zu verleihen und Christi Gnade in der Praxis erfahrbar zu machen. (Homilie vom 19. M\u00e4rz 1963 in \u201eEs Cristo que pasa\u201c, trad. \u00a9 <a href=\"http:\/\/www.evangeliumtagfuertag.org\">Evangelizo<\/a>)<\/p><\/blockquote>\n","protected":false},"excerpt":{"rendered":"<p>Wie sollen wir unseren Glauben im Beruf leben? Hat unsere Arbeit \u00fcberhaupt etwas mit dem Glauben zu tun? Jos\u00e9maria Escriva de Balaguer (1902-1975), Priester, Gr\u00fcnder des Opus Dei machte sich dazu folgende Gedanken:<\/p>\n","protected":false},"author":1,"featured_media":7122,"comment_status":"open","ping_status":"open","sticky":false,"template":"","format":"standard","meta":{"jetpack_post_was_ever_published":false,"_jetpack_newsletter_access":"","_jetpack_dont_email_post_to_subs":false,"_jetpack_newsletter_tier_id":0,"_jetpack_memberships_contains_paywalled_content":false,"_jetpack_memberships_contains_paid_content":false,"footnotes":""},"categories":[2],"tags":[],"class_list":["post-7121","post","type-post","status-publish","format-standard","has-post-thumbnail","hentry","category-allgemein"],"jetpack_featured_media_url":"https:\/\/i0.wp.com\/www.projekt-kirche.de\/wp-content\/uploads\/2019\/11\/pexels-photo-3182826.jpeg?fit=1880%2C1253&ssl=1","jetpack_shortlink":"https:\/\/wp.me\/p4Sdv6-1QR","jetpack_sharing_enabled":true,"_links":{"self":[{"href":"https:\/\/www.projekt-kirche.de\/index.php?rest_route=\/wp\/v2\/posts\/7121","targetHints":{"allow":["GET"]}}],"collection":[{"href":"https:\/\/www.projekt-kirche.de\/index.php?rest_route=\/wp\/v2\/posts"}],"about":[{"href":"https:\/\/www.projekt-kirche.de\/index.php?rest_route=\/wp\/v2\/types\/post"}],"author":[{"embeddable":true,"href":"https:\/\/www.projekt-kirche.de\/index.php?rest_route=\/wp\/v2\/users\/1"}],"replies":[{"embeddable":true,"href":"https:\/\/www.projekt-kirche.de\/index.php?rest_route=%2Fwp%2Fv2%2Fcomments&post=7121"}],"version-history":[{"count":4,"href":"https:\/\/www.projekt-kirche.de\/index.php?rest_route=\/wp\/v2\/posts\/7121\/revisions"}],"predecessor-version":[{"id":8488,"href":"https:\/\/www.projekt-kirche.de\/index.php?rest_route=\/wp\/v2\/posts\/7121\/revisions\/8488"}],"wp:featuredmedia":[{"embeddable":true,"href":"https:\/\/www.projekt-kirche.de\/index.php?rest_route=\/wp\/v2\/media\/7122"}],"wp:attachment":[{"href":"https:\/\/www.projekt-kirche.de\/index.php?rest_route=%2Fwp%2Fv2%2Fmedia&parent=7121"}],"wp:term":[{"taxonomy":"category","embeddable":true,"href":"https:\/\/www.projekt-kirche.de\/index.php?rest_route=%2Fwp%2Fv2%2Fcategories&post=7121"},{"taxonomy":"post_tag","embeddable":true,"href":"https:\/\/www.projekt-kirche.de\/index.php?rest_route=%2Fwp%2Fv2%2Ftags&post=7121"}],"curies":[{"name":"wp","href":"https:\/\/api.w.org\/{rel}","templated":true}]}}