{"id":7192,"date":"2020-02-13T06:55:13","date_gmt":"2020-02-13T05:55:13","guid":{"rendered":"https:\/\/www.projekt-kirche.de\/?p=7192"},"modified":"2020-05-08T16:47:08","modified_gmt":"2020-05-08T14:47:08","slug":"glauben-statt-aengste-und-depressionen","status":"publish","type":"post","link":"https:\/\/www.projekt-kirche.de\/?p=7192","title":{"rendered":"Glauben statt \u00c4ngste und Depressionen"},"content":{"rendered":"<div class=\"shariff\" data-title=\"Glauben statt \u00c4ngste und Depressionen\" data-info-url=\"http:\/\/ct.de\/-2467514\" data-backend-url=\"https:\/\/www.projekt-kirche.de\/wp-content\/plugins\/shariff-sharing\/backend\/index.php\" data-temp=\"\/tmp\" data-ttl=\"60\" data-service=\"gftr\" data-services='[\"googleplus\",\"facebook\",\"twitter\",\"reddit\",\"info\"]' data-image=\"\" data-url=\"https:\/\/www.projekt-kirche.de\/?p=7192\" data-lang=\"de\" data-theme=\"colored\" data-orientation=\"horizontal\"><\/div>\n<p>Gerade in der dunklen Jahreszeit k\u00f6nnen einem tr\u00fcbe Gedanken, Sorgen und \u00c4ngste besch\u00e4ftigen und niederdr\u00fccken. Aber Gott kann jede Situation in deinem Leben zum Guten nutzen. Zum Beispiel um dir Glauben, Vertrauen und Zuversicht zu lehren.<\/p>\n\n\n\n<p>Schwester Faustina hat dazu einige sehr tiefsinnige und wahre Gedanken niedergeschrieben:<\/p>\n\n\n\n<!--more-->\n\n\n\n<blockquote class=\"wp-block-quote is-layout-flow wp-block-quote-is-layout-flow\"><p>Durch Dunkel und Schatten der Nacht, Steuert einsam mein Lebensschiff. Ich treibe auf offenem Meer, Und sehe kein Land und kein Riff. Der kleinste Sturm kann mich versenken, Mich bringen auf des Meeres Grund. W\u00fcrdest nicht Du, o Gott, mich lenken, Jede Minute \u2013 zu jeder Stund. Durch aufbrausende Meereswogen, Schwimme ich ruhig \u2013 hin zum Licht. Sehe die Ferne mit Kindesauge, Denn Du, Herr, bist meine Zuversicht. Rings um mich sind Entsetzen und Grauen, Ich bleibe still \u2013 wie die Tiefe im Meer. Denn wer zu Dir, Herr, fasste Vertrauen, Geht nicht verloren \u2013 nach Deiner Lehr\u2019. \u00dcberall lauern Gefahren entgegen. Ich schau zu den Sternen und f\u00fcrchte mich nicht. Ich gehe mutig und freudig des Weges, Wie es einem reinen Herzen entspricht. Mein Lebensschiff treibt sicher im Meer, Denn Du, mein Gott, bist sein Steuermann. In Demut danke ich Dir daf\u00fcr, Dass ich so friedlich treiben kann.<\/p><cite>Hl. Faustina Kowalska (1905-1938), Ordensschwester (Tagebuch, Hauteville\/Schweiz 1991, \u00a7 1322, zitiert aus <a href=\"http:\/\/www.evangeliumtagfuertag.org\">Evangelium Tag f\u00fcr Tag<\/a>) <\/cite><\/blockquote>\n\n\n\n<p><\/p>\n","protected":false},"excerpt":{"rendered":"<p>Gerade in der dunklen Jahreszeit k\u00f6nnen einem tr\u00fcbe Gedanken, Sorgen und \u00c4ngste besch\u00e4ftigen und niederdr\u00fccken. Aber Gott kann jede Situation in deinem Leben zum Guten nutzen. Zum Beispiel um dir Glauben, Vertrauen und Zuversicht zu lehren. Schwester Faustina hat dazu einige sehr tiefsinnige und wahre Gedanken niedergeschrieben:<\/p>\n","protected":false},"author":1,"featured_media":7208,"comment_status":"open","ping_status":"open","sticky":false,"template":"","format":"standard","meta":{"jetpack_post_was_ever_published":false,"_jetpack_newsletter_access":"","_jetpack_dont_email_post_to_subs":false,"_jetpack_newsletter_tier_id":0,"_jetpack_memberships_contains_paywalled_content":false,"_jetpack_memberships_contains_paid_content":false,"footnotes":""},"categories":[2],"tags":[],"class_list":["post-7192","post","type-post","status-publish","format-standard","has-post-thumbnail","hentry","category-allgemein"],"jetpack_featured_media_url":"https:\/\/i0.wp.com\/www.projekt-kirche.de\/wp-content\/uploads\/2020\/02\/sw-faustyna-1.jpg?fit=339%2C449&ssl=1","jetpack_shortlink":"https:\/\/wp.me\/p4Sdv6-1S0","jetpack_sharing_enabled":true,"_links":{"self":[{"href":"https:\/\/www.projekt-kirche.de\/index.php?rest_route=\/wp\/v2\/posts\/7192","targetHints":{"allow":["GET"]}}],"collection":[{"href":"https:\/\/www.projekt-kirche.de\/index.php?rest_route=\/wp\/v2\/posts"}],"about":[{"href":"https:\/\/www.projekt-kirche.de\/index.php?rest_route=\/wp\/v2\/types\/post"}],"author":[{"embeddable":true,"href":"https:\/\/www.projekt-kirche.de\/index.php?rest_route=\/wp\/v2\/users\/1"}],"replies":[{"embeddable":true,"href":"https:\/\/www.projekt-kirche.de\/index.php?rest_route=%2Fwp%2Fv2%2Fcomments&post=7192"}],"version-history":[{"count":6,"href":"https:\/\/www.projekt-kirche.de\/index.php?rest_route=\/wp\/v2\/posts\/7192\/revisions"}],"predecessor-version":[{"id":7214,"href":"https:\/\/www.projekt-kirche.de\/index.php?rest_route=\/wp\/v2\/posts\/7192\/revisions\/7214"}],"wp:featuredmedia":[{"embeddable":true,"href":"https:\/\/www.projekt-kirche.de\/index.php?rest_route=\/wp\/v2\/media\/7208"}],"wp:attachment":[{"href":"https:\/\/www.projekt-kirche.de\/index.php?rest_route=%2Fwp%2Fv2%2Fmedia&parent=7192"}],"wp:term":[{"taxonomy":"category","embeddable":true,"href":"https:\/\/www.projekt-kirche.de\/index.php?rest_route=%2Fwp%2Fv2%2Fcategories&post=7192"},{"taxonomy":"post_tag","embeddable":true,"href":"https:\/\/www.projekt-kirche.de\/index.php?rest_route=%2Fwp%2Fv2%2Ftags&post=7192"}],"curies":[{"name":"wp","href":"https:\/\/api.w.org\/{rel}","templated":true}]}}