{"id":72,"date":"2008-08-22T11:17:11","date_gmt":"2008-08-22T09:17:11","guid":{"rendered":"http:\/\/sschweizer.wordpress.com\/?p=72"},"modified":"2020-05-08T17:08:36","modified_gmt":"2020-05-08T15:08:36","slug":"christliche-kindererziehung","status":"publish","type":"post","link":"https:\/\/www.projekt-kirche.de\/?p=72","title":{"rendered":"Christliche Kindererziehung"},"content":{"rendered":"<div class=\"shariff\" data-title=\"Christliche Kindererziehung\" data-info-url=\"http:\/\/ct.de\/-2467514\" data-backend-url=\"https:\/\/www.projekt-kirche.de\/wp-content\/plugins\/shariff-sharing\/backend\/index.php\" data-temp=\"\/tmp\" data-ttl=\"60\" data-service=\"gftr\" data-services='[\"googleplus\",\"facebook\",\"twitter\",\"reddit\",\"info\"]' data-image=\"\" data-url=\"https:\/\/www.projekt-kirche.de\/?p=72\" data-lang=\"de\" data-theme=\"colored\" data-orientation=\"horizontal\"><\/div><p>Es ist interessant wie viele B\u00fccher und Seminare es \u00fcber das Thema \u201eChristliche Kindererziehung&#8221; gibt.<\/p>\n<p>Meine Frau hat sich besonders f\u00fcr dieses Thema interessiert und sich einige dieser B\u00fccher angesehen. Sie ist ja nicht nur Mutter, sondern auch \u201eprofessionelle&#8221; Erzieherin. Ich selbst hatte mich bislang nicht so sehr darum gek\u00fcmmert. Zumindest was die \u201eTheorie&#8221; betrifft. In der Praxis bin ich auf jeden Fall mit von der Partie. Mir macht Kindererziehung richtig Freude (wohl eher untypisch f\u00fcr M\u00e4nner, oder?)<\/p>\n<p><!--more-->Gerade als ich diese Zeilen schreibe gab es mal wieder eine kleine \u201eAuszeit&#8221; f\u00fcr meinen Paul, da er nicht aufh\u00f6ren wollte, mit einem G\u00fcrtel (gef\u00e4hrlich) herum zu schwingen und mir dann auch noch einen \u201eTritt&#8221; verpasste als Reaktion auf meine Ermahnung. Mittlerweile hat er sich schon wieder bei mir entschuldigt und wir sind wieder vers\u00f6hnt \ud83d\ude42<\/p>\n<p>Aber was ist bzw. soll denn das \u00fcberhaupt \u201eChristliche&#8221; einer \u201echristlichen Kindererziehung&#8221; sein? Das ist von dem her eine interessante Frage, da sich das Verst\u00e4ndnis dar\u00fcber meines Erachtens im Laufe der Zeit merklich ge\u00e4ndert hat. Heutzutage scheint sich\u00a0m.E. die &#8220;christliche Erziehung&#8221; von einer &#8220;guten weltlichen Erziehung&#8221; kaum zu unterscheiden.<br \/>\nOder vielleicht m\u00fcssten wir zuerst mal die Frage kl\u00e4ren, welche christlichen Eltern ihre Kinder \u00fcberhaupt betont \u201echristlich&#8221; erziehen bzw. erziehen wollen.<\/p>\n<p>Wir haben gestern Freunde besucht, die auch Christen sind und ich habe sie gefragt wie sie das denn mit der Kindererziehung machen. Ob sie da ein besonderes Erziehungskonzept h\u00e4tten. Entweder sie hatten nicht richtig verstanden, worauf ich mit meiner Frage hinaus wollte oder sie haben sich mit diesem Thema noch nicht wirklich auseinander gesetzt (obwohl das meiner Meinung nach sehr, sehr wichtig ist f\u00fcr unsere Kinder). Sie sprachen auf jeden Fall ganz allgemein \u00fcber Erziehungsprobleme, aber nicht speziell \u00fcber eine christliche Kindererziehung.<\/p>\n<p>Was ist also das typisch Christliche an der christlichen Kindererziehung?<br \/>\nDass man ab und zu ein Abendgebet mit den Kindern spricht?<br \/>\nOder dass man bei Ungehorsam mit Gottes Strafe droht?<br \/>\nOder &#8211; wie das in meiner fr\u00fcheren Gemeinde war &#8211; w\u00f6chentlich so genannte \u201eJ\u00fcngerschaftszeiten&#8221; (kurze spielerische Andachten mit christlichen Liedern, Bibellese und kurzen Gebeten) mit den Kindern abhielt?<\/p>\n<p>Ich bef\u00fcrchte, dass wir christliche Eltern uns heutzutage zu wenig Gedanken \u00fcber dieses Thema machen. Und dabei h\u00e4ngt doch viel davon ab\u00a0was unsere Kinder sp\u00e4ter f\u00fcr ein Gottesbild haben und welchen Charakter unsere Kinder entwickeln werden.<\/p>\n<p>Ich selbst habe gl\u00fccklicherweise &#8211; zumindest teilweise &#8211; eine christliche Erziehung genossen. So wusste\u00a0ich z.B. schon als Kind, dass \u201eGott alles sieht&#8221; und sich dar\u00fcber freut, wenn ich Gutes tue (auch wenn das sonst niemand sieht oder mich daf\u00fcr lobt). Oder, dass Gebet zu Gott hilft, wenn man Angst vor \u201eb\u00f6sen Jungs&#8221; hat.<\/p>\n<p>Was denkt Ihr denn \u00fcber das Thema? Nach welchen Prinzipien erzieht Ihr denn Eure Kinder? Was ist Euch dabei wichtig?<\/p>\n<p>Ich w\u00fcrde zum Thema \u201echristliche Kindererziehung&#8221; gerne mal eine Diskussion starten und werfe mal ein Blogst\u00f6ckchen zum vermutlichen Experten <a title=\"Bento's Blog\" href=\"http:\/\/bento-bernd.blogspot.com\/\" target=\"_blank\" rel=\"noopener noreferrer\">Bento<\/a> (schlie\u00dflich hat er bereits Enkel, k\u00fcmmert sich (vorbildlicherweise) beruflich um schwierige Jugendliche auf seiner \u00d6kofarm in Portugal (da haben wir noch gar nicht richtig dar\u00fcber gesprochen, gell?\u00a0\ud83d\ude42 ) und zu <a title=\"Dirk's Blog\" href=\"http:\/\/dikosss.wordpress.com\" target=\"_blank\" rel=\"noopener noreferrer\">Dirk<\/a> (der in vieler Hinsicht\u00a0einer meiner\u00a0Vorbilder ist\u00a0\ud83d\ude42 ). Alle anderen d\u00fcrfen nat\u00fcrlich auch Ihre Meinungen bzw. Tipps&amp;Tricks \u00e4u\u00dfern \ud83d\ude42<\/p>\n<p>Ich lese \u00fcbrigens gerade ein Buch \u00fcber Kindererziehung meines \u201eLieblings-\u201e Kirchenvaters Johannes Chrysostomus (&#8220;\u00dcber Hoffart und Kindererziehung&#8221;)\u00a0und werde in loser Folge mal dar\u00fcber berichten wie die Christen des 4Jh. Ihre Kinder im Glauben erzogen und was ihnen dabei wichtig war (ist wirklich sehr, sehr interessant!)<\/p>\n","protected":false},"excerpt":{"rendered":"<p>Es ist interessant wie viele B\u00fccher und Seminare es \u00fcber das Thema \u201eChristliche Kindererziehung&#8221; gibt. Meine Frau hat sich besonders f\u00fcr dieses Thema interessiert und sich einige dieser B\u00fccher angesehen. Sie ist ja nicht nur Mutter, sondern auch \u201eprofessionelle&#8221; Erzieherin. Ich selbst hatte mich bislang nicht so sehr darum gek\u00fcmmert. Zumindest was die \u201eTheorie&#8221; betrifft. [&hellip;]<\/p>\n","protected":false},"author":1,"featured_media":0,"comment_status":"open","ping_status":"open","sticky":false,"template":"","format":"standard","meta":{"jetpack_post_was_ever_published":false,"_jetpack_newsletter_access":"","_jetpack_dont_email_post_to_subs":false,"_jetpack_newsletter_tier_id":0,"_jetpack_memberships_contains_paywalled_content":false,"_jetpack_memberships_contains_paid_content":false,"footnotes":""},"categories":[2],"tags":[],"class_list":["post-72","post","type-post","status-publish","format-standard","hentry","category-allgemein"],"jetpack_featured_media_url":"","jetpack_shortlink":"https:\/\/wp.me\/p4Sdv6-1a","jetpack_sharing_enabled":true,"_links":{"self":[{"href":"https:\/\/www.projekt-kirche.de\/index.php?rest_route=\/wp\/v2\/posts\/72","targetHints":{"allow":["GET"]}}],"collection":[{"href":"https:\/\/www.projekt-kirche.de\/index.php?rest_route=\/wp\/v2\/posts"}],"about":[{"href":"https:\/\/www.projekt-kirche.de\/index.php?rest_route=\/wp\/v2\/types\/post"}],"author":[{"embeddable":true,"href":"https:\/\/www.projekt-kirche.de\/index.php?rest_route=\/wp\/v2\/users\/1"}],"replies":[{"embeddable":true,"href":"https:\/\/www.projekt-kirche.de\/index.php?rest_route=%2Fwp%2Fv2%2Fcomments&post=72"}],"version-history":[{"count":2,"href":"https:\/\/www.projekt-kirche.de\/index.php?rest_route=\/wp\/v2\/posts\/72\/revisions"}],"predecessor-version":[{"id":7521,"href":"https:\/\/www.projekt-kirche.de\/index.php?rest_route=\/wp\/v2\/posts\/72\/revisions\/7521"}],"wp:attachment":[{"href":"https:\/\/www.projekt-kirche.de\/index.php?rest_route=%2Fwp%2Fv2%2Fmedia&parent=72"}],"wp:term":[{"taxonomy":"category","embeddable":true,"href":"https:\/\/www.projekt-kirche.de\/index.php?rest_route=%2Fwp%2Fv2%2Fcategories&post=72"},{"taxonomy":"post_tag","embeddable":true,"href":"https:\/\/www.projekt-kirche.de\/index.php?rest_route=%2Fwp%2Fv2%2Ftags&post=72"}],"curies":[{"name":"wp","href":"https:\/\/api.w.org\/{rel}","templated":true}]}}