{"id":7245,"date":"2020-02-25T19:17:46","date_gmt":"2020-02-25T18:17:46","guid":{"rendered":"https:\/\/www.projekt-kirche.de\/?p=7245"},"modified":"2020-05-08T14:55:33","modified_gmt":"2020-05-08T12:55:33","slug":"alles-meinem-gott-zu-ehren","status":"publish","type":"post","link":"https:\/\/www.projekt-kirche.de\/?p=7245","title":{"rendered":"Alles meinem Gott zu Ehren"},"content":{"rendered":"<div class=\"shariff\" data-title=\"Alles meinem Gott zu Ehren\" data-info-url=\"http:\/\/ct.de\/-2467514\" data-backend-url=\"https:\/\/www.projekt-kirche.de\/wp-content\/plugins\/shariff-sharing\/backend\/index.php\" data-temp=\"\/tmp\" data-ttl=\"60\" data-service=\"gftr\" data-services='[\"googleplus\",\"facebook\",\"twitter\",\"reddit\",\"info\"]' data-image=\"\" data-url=\"https:\/\/www.projekt-kirche.de\/?p=7245\" data-lang=\"de\" data-theme=\"colored\" data-orientation=\"horizontal\"><\/div>\n<p>So hei\u00dft der Titel eines relativ alten Liedes aus dem katholischen Gotteslob. <\/p>\n\n\n\n<p>Und dieser Text hat mein Herz diese Tage sehr angesprochen. Nicht, dass ich da bereits w\u00e4re, aber ich wei\u00df, dass es das Ziel ist:<\/p>\n\n\n\n<!--more-->\n\n\n\n<blockquote class=\"wp-block-quote is-layout-flow wp-block-quote-is-layout-flow\"><p>1.Alles meinem Gott zu Ehren,<br>in der Arbeit in der Ruh!<br>Gottes Lob und Ehr zu mehren,<br>ich verlang und alles tu.<br>Meinem Gott nur will ich geben<br>Leib und Seel, mein ganzes Leben.<br>Gib, o Jesu, Gnad dazu;<br>gib, o Jesu, Gnad dazu.<\/p><p>2.Alles meinem Gott zu Ehren,<br>alle Freude, alles Leid!<br>Wei\u00df ich doch, Gott wird mich lehren,<br>was mir dient zur Seligkeit.<br>Meinem Gott nur will ich leben,<br>seinem Willen mich ergeben.<br>Hilf, o Jesu, allezeit;<br>hilf, o Jesu, allezeit.<\/p><p>3.Alles meinem Gott zu Ehren,<br>dessen Macht die Welt regiert,<br>der dem B\u00f6sen wei\u00df zu wehren,<br>dass das Gute m\u00e4chtig wird.<br>Gott allein wird Frieden schenken,<br>seines Volkes treu gedenken.<br>Hilf, o Jesu, guter Hirt;<br>hilf, o Jesu, guter Hirt.<\/p><p>4.Alles meinem Gott zu Ehren,<br>der den Himmel uns geweiht,<br>unser Leben will vermehren,<br>nach den Leiden dieser Zeit<br>Gott allein will ich vertrauen,<br>um ihn einst im Licht zu schauen,<br>Gib o Jesu, Dein Geleit;<br>Gib o Jesu, Dein Geleit.<\/p><cite>Gotteslob Lied Nr. 455 (Text von Duderstadt (1724) &#8211; Str. 1 und Thumair (1963) &#8211; Str. 2-4)<\/cite><\/blockquote>\n","protected":false},"excerpt":{"rendered":"<p>So hei\u00dft der Titel eines relativ alten Liedes aus dem katholischen Gotteslob. Und dieser Text hat mein Herz diese Tage sehr angesprochen. Nicht, dass ich da bereits w\u00e4re, aber ich wei\u00df, dass es das Ziel ist:<\/p>\n","protected":false},"author":1,"featured_media":7248,"comment_status":"closed","ping_status":"closed","sticky":false,"template":"","format":"standard","meta":{"jetpack_post_was_ever_published":false,"_jetpack_newsletter_access":"","_jetpack_dont_email_post_to_subs":false,"_jetpack_newsletter_tier_id":0,"_jetpack_memberships_contains_paywalled_content":false,"_jetpack_memberships_contains_paid_content":false,"footnotes":""},"categories":[2],"tags":[],"class_list":["post-7245","post","type-post","status-publish","format-standard","has-post-thumbnail","hentry","category-allgemein"],"jetpack_featured_media_url":"https:\/\/i0.wp.com\/www.projekt-kirche.de\/wp-content\/uploads\/2020\/02\/pexels-photo-801885-e1582699170907.jpeg?fit=867%2C884&ssl=1","jetpack_shortlink":"https:\/\/wp.me\/p4Sdv6-1SR","jetpack_sharing_enabled":true,"_links":{"self":[{"href":"https:\/\/www.projekt-kirche.de\/index.php?rest_route=\/wp\/v2\/posts\/7245","targetHints":{"allow":["GET"]}}],"collection":[{"href":"https:\/\/www.projekt-kirche.de\/index.php?rest_route=\/wp\/v2\/posts"}],"about":[{"href":"https:\/\/www.projekt-kirche.de\/index.php?rest_route=\/wp\/v2\/types\/post"}],"author":[{"embeddable":true,"href":"https:\/\/www.projekt-kirche.de\/index.php?rest_route=\/wp\/v2\/users\/1"}],"replies":[{"embeddable":true,"href":"https:\/\/www.projekt-kirche.de\/index.php?rest_route=%2Fwp%2Fv2%2Fcomments&post=7245"}],"version-history":[{"count":6,"href":"https:\/\/www.projekt-kirche.de\/index.php?rest_route=\/wp\/v2\/posts\/7245\/revisions"}],"predecessor-version":[{"id":7254,"href":"https:\/\/www.projekt-kirche.de\/index.php?rest_route=\/wp\/v2\/posts\/7245\/revisions\/7254"}],"wp:featuredmedia":[{"embeddable":true,"href":"https:\/\/www.projekt-kirche.de\/index.php?rest_route=\/wp\/v2\/media\/7248"}],"wp:attachment":[{"href":"https:\/\/www.projekt-kirche.de\/index.php?rest_route=%2Fwp%2Fv2%2Fmedia&parent=7245"}],"wp:term":[{"taxonomy":"category","embeddable":true,"href":"https:\/\/www.projekt-kirche.de\/index.php?rest_route=%2Fwp%2Fv2%2Fcategories&post=7245"},{"taxonomy":"post_tag","embeddable":true,"href":"https:\/\/www.projekt-kirche.de\/index.php?rest_route=%2Fwp%2Fv2%2Ftags&post=7245"}],"curies":[{"name":"wp","href":"https:\/\/api.w.org\/{rel}","templated":true}]}}