{"id":7255,"date":"2020-02-26T07:30:08","date_gmt":"2020-02-26T06:30:08","guid":{"rendered":"https:\/\/www.projekt-kirche.de\/?p=7255"},"modified":"2020-05-08T14:55:33","modified_gmt":"2020-05-08T12:55:33","slug":"die-fastenzeit-ein-weg-zur-wahren-freiheit","status":"publish","type":"post","link":"https:\/\/www.projekt-kirche.de\/?p=7255","title":{"rendered":"Die Fastenzeit, ein Weg zur wahren Freiheit"},"content":{"rendered":"<div class=\"shariff\" data-title=\"Die Fastenzeit, ein Weg zur wahren Freiheit\" data-info-url=\"http:\/\/ct.de\/-2467514\" data-backend-url=\"https:\/\/www.projekt-kirche.de\/wp-content\/plugins\/shariff-sharing\/backend\/index.php\" data-temp=\"\/tmp\" data-ttl=\"60\" data-service=\"gftr\" data-services='[\"googleplus\",\"facebook\",\"twitter\",\"reddit\",\"info\"]' data-image=\"\" data-url=\"https:\/\/www.projekt-kirche.de\/?p=7255\" data-lang=\"de\" data-theme=\"colored\" data-orientation=\"horizontal\"><\/div>\n<p>Heute hat die Fastenzeit begonnen. Ehrlich gesagt freue ich mich nie auf diese Zeit der Umkehr, auch wenn sie notwendig ist. <\/p>\n\n\n\n<p>Der emeritierte Papst Benedikt XVI. hat den Sinn der Fastenzeit sehr sch\u00f6n in seiner Generalaudienz vom 21. Februar 2007 erl\u00e4utert:<\/p>\n\n\n\n<!--more-->\n\n\n\n<blockquote class=\"wp-block-quote is-layout-flow wp-block-quote-is-layout-flow\"><p>Seit den Urspr\u00fcngen wird daher die Fastenzeit als eine Zeit der unmittelbaren Vorbereitung auf die Taufe gelebt, die in der Osternacht feierlich gespendet werden soll. Die ganze Fastenzeit war ein Weg hin zu dieser gro\u00dfen Begegnung mit Christus, zu diesem Eintauchen in Christus und dieser Erneuerung des Lebens. Wir sind schon getauft, aber die Taufe ist in unserem Alltagsleben oft nicht sehr wirksam. Darum ist auch f\u00fcr uns die Fastenzeit ein neues \u201eKatechumenat\u201c, in dem wir erneut unserer Taufe entgegengehen, um sie wieder neu zu entdecken und zutiefst wieder zu erleben, um wieder wirklich Christen zu werden. Die Fastenzeit ist also eine Gelegenheit, um wieder neu Christen \u201ezu werden\u201c, durch einen st\u00e4ndigen Prozess des inneren Wandels und des Fortschreitens in der Erkenntnis und in der Liebe Christi. Die Umkehr geschieht nie ein f\u00fcr allemal, sondern sie ist ein Prozess, ein innerer Weg w\u00e4hrend unseres ganzen Lebens. Dieser Weg der dem Evangelium entsprechenden Umkehr darf sich gewiss nicht auf eine besondere Periode des Jahres beschr\u00e4nken: Es ist ein Weg, der jeden Tag zu gehen ist, der den ganzen Bogen der Existenz, jeden Tag unseres Lebens umfassen muss. [\u2026] Umkehren: Was hei\u00dft das wirklich? Umkehren hei\u00dft Gott suchen, mit Gott gehen, die Lehren seines Sohnes, Jesu Christi, willig befolgen. Umkehren ist nicht ein Bem\u00fchen um Selbstverwirklichung, denn der Mensch ist nicht der \u201eArchitekt\u201c seines eigenen ewigen Schicksals. Wir haben uns nicht selbst gemacht. Deshalb ist die Selbstverwirklichung ein Widerspruch und f\u00fcr uns auch zu wenig. Wir haben eine h\u00f6here Bestimmung. Wir k\u00f6nnten sagen, dass die Umkehr gerade darin besteht, sich nicht als \u201eSch\u00f6pfer\u201c seiner selbst zu betrachten und so die Wahrheit zu entdecken, denn wir sind nicht die Urheber von uns selbst. Umkehr besteht darin, frei und mit Liebe zu akzeptieren, dass wir in allem von Gott, unserem wahren Sch\u00f6pfer, abh\u00e4ngig sind, dass wir von der Liebe abh\u00e4ngig sind. Das ist nicht Abh\u00e4ngigkeit, sondern Freiheit.<\/p><cite><strong>Benedikt XVI., Papst von 2005-2013, <\/strong>(zitiert aus <a href=\"http:\/\/www.evangeliumtagfuertag.org\">Evangelium Tag f\u00fcr Tag<\/a>, \u00a9 Libreria Editrice Vaticana)<\/cite><\/blockquote>\n","protected":false},"excerpt":{"rendered":"<p>Heute hat die Fastenzeit begonnen. Ehrlich gesagt freue ich mich nie auf diese Zeit der Umkehr, auch wenn sie notwendig ist. Der emeritierte Papst Benedikt XVI. hat den Sinn der Fastenzeit sehr sch\u00f6n in seiner Generalaudienz vom 21. Februar 2007 erl\u00e4utert:<\/p>\n","protected":false},"author":1,"featured_media":7256,"comment_status":"open","ping_status":"open","sticky":false,"template":"","format":"standard","meta":{"jetpack_post_was_ever_published":false,"_jetpack_newsletter_access":"","_jetpack_dont_email_post_to_subs":false,"_jetpack_newsletter_tier_id":0,"_jetpack_memberships_contains_paywalled_content":false,"_jetpack_memberships_contains_paid_content":false,"footnotes":""},"categories":[2],"tags":[],"class_list":["post-7255","post","type-post","status-publish","format-standard","has-post-thumbnail","hentry","category-allgemein"],"jetpack_featured_media_url":"https:\/\/i0.wp.com\/www.projekt-kirche.de\/wp-content\/uploads\/2020\/02\/pexels-photo-247195.jpeg?fit=1880%2C1253&ssl=1","jetpack_shortlink":"https:\/\/wp.me\/p4Sdv6-1T1","jetpack_sharing_enabled":true,"_links":{"self":[{"href":"https:\/\/www.projekt-kirche.de\/index.php?rest_route=\/wp\/v2\/posts\/7255","targetHints":{"allow":["GET"]}}],"collection":[{"href":"https:\/\/www.projekt-kirche.de\/index.php?rest_route=\/wp\/v2\/posts"}],"about":[{"href":"https:\/\/www.projekt-kirche.de\/index.php?rest_route=\/wp\/v2\/types\/post"}],"author":[{"embeddable":true,"href":"https:\/\/www.projekt-kirche.de\/index.php?rest_route=\/wp\/v2\/users\/1"}],"replies":[{"embeddable":true,"href":"https:\/\/www.projekt-kirche.de\/index.php?rest_route=%2Fwp%2Fv2%2Fcomments&post=7255"}],"version-history":[{"count":1,"href":"https:\/\/www.projekt-kirche.de\/index.php?rest_route=\/wp\/v2\/posts\/7255\/revisions"}],"predecessor-version":[{"id":7257,"href":"https:\/\/www.projekt-kirche.de\/index.php?rest_route=\/wp\/v2\/posts\/7255\/revisions\/7257"}],"wp:featuredmedia":[{"embeddable":true,"href":"https:\/\/www.projekt-kirche.de\/index.php?rest_route=\/wp\/v2\/media\/7256"}],"wp:attachment":[{"href":"https:\/\/www.projekt-kirche.de\/index.php?rest_route=%2Fwp%2Fv2%2Fmedia&parent=7255"}],"wp:term":[{"taxonomy":"category","embeddable":true,"href":"https:\/\/www.projekt-kirche.de\/index.php?rest_route=%2Fwp%2Fv2%2Fcategories&post=7255"},{"taxonomy":"post_tag","embeddable":true,"href":"https:\/\/www.projekt-kirche.de\/index.php?rest_route=%2Fwp%2Fv2%2Ftags&post=7255"}],"curies":[{"name":"wp","href":"https:\/\/api.w.org\/{rel}","templated":true}]}}