{"id":7258,"date":"2020-02-27T07:27:06","date_gmt":"2020-02-27T06:27:06","guid":{"rendered":"https:\/\/www.projekt-kirche.de\/?p=7258"},"modified":"2020-05-08T14:55:33","modified_gmt":"2020-05-08T12:55:33","slug":"ueber-die-eigenliebe","status":"publish","type":"post","link":"https:\/\/www.projekt-kirche.de\/?p=7258","title":{"rendered":"\u00dcber die Eigenliebe"},"content":{"rendered":"<div class=\"shariff\" data-title=\"\u00dcber die Eigenliebe\" data-info-url=\"http:\/\/ct.de\/-2467514\" data-backend-url=\"https:\/\/www.projekt-kirche.de\/wp-content\/plugins\/shariff-sharing\/backend\/index.php\" data-temp=\"\/tmp\" data-ttl=\"60\" data-service=\"gftr\" data-services='[\"googleplus\",\"facebook\",\"twitter\",\"reddit\",\"info\"]' data-image=\"\" data-url=\"https:\/\/www.projekt-kirche.de\/?p=7258\" data-lang=\"de\" data-theme=\"colored\" data-orientation=\"horizontal\"><\/div>\n<p>Franz von Sales (1567-1622) war Bischof von Genf, Kirchenlehrer und ein gro\u00dfartiger Seelsorger, der mit seinen Ratschl\u00e4gen immer auch sehr praktisch und lebensbezogen war (hier ist das Buch &#8220;<a href=\"http:\/\/www.philothea.de\/\">Philotea<\/a>&#8221; \u00fcbrigens sehr zu empfehlen). <\/p>\n\n\n\n<p>Zur Fasten- und Umkehrzeit m\u00f6chte ich einen Text von ihm \u00fcber die Eigenliebe wiedergeben, der nicht immer angenehm, aber daf\u00fcr heilsam f\u00fcr uns ist:<\/p>\n\n\n\n<!--more-->\n\n\n\n<blockquote class=\"wp-block-quote is-layout-flow wp-block-quote-is-layout-flow\"><p>Wir lieben uns selber auch auf verschiedene Weise, denn unsere Selbstliebe ist sowohl eine Tat- als auch eine Gef\u00fchlsliebe. Die Tatliebe beherrscht die Gro\u00dfen, die Machthungrigen, die Geldgierigen, die Besitz um Besitz zusammenraffen und nie genug haben. Andere lieben sich wieder eher mit einer mehr sentimentalen Liebe, sie gehen sehr z\u00e4rtlich mit sich um und tun nichts, als sich verh\u00e4tscheln, verp\u00e4ppeln und pflegen. Immer sind sie voller Angst, dass ihnen etwas schaden k\u00f6nnte. Es ist geradezu ein Jammer! [\u2026] Seelische Verweichlichung ist noch unausstehlicher als k\u00f6rperliche. Leider wird sie gerade von geistlichen Personen am meisten gepflegt und gro\u00dfgezogen; sie m\u00f6chten ohne Anstrengung mit einem Schlag heilig sein; ja, sie m\u00f6chten sogar verschont bleiben von allen K\u00e4mpfen, welche das Niedere in unserer Seele mit seinem Widerstreben gegen alles, was der Natur entgegen ist, heraufbeschw\u00f6rt. [\u2026] Unseren Widerspr\u00fcchen widersprechen, unseren Neigungen abgeneigt sein, unsere Gef\u00fchle unterdr\u00fccken, auf unsere eigene Meinung verzichten \u2013 das alles kann die gef\u00fchlvolle, sentimentale Liebe, die wir f\u00fcr uns hegen, nicht zulassen, ohne Ach und Weh zu schreien. Und das ist die Ursache, dass wir unt\u00e4tig bleiben. [\u2026] Auch tr\u00fcge ich lieber ein kleines Strohkreuz, das mir auf die Schultern gelegt w\u00fcrde, ohne dass ich es w\u00e4hlte, als ein gro\u00dfes Kreuz, das ich mir mit gro\u00dfer M\u00fche selber aus dem Wald geholt und an dem ich recht schwer schleppen m\u00fcsste. Ich glaube, dass ich dem lieben Gott wahrscheinlich mit dem Strohkreuz lieber bin als mit dem anderen gro\u00dfen, das ich mir mit vieler Plage und vielen Schwei\u00dftropfen selber gezimmert habe. Denn dieses selbstgew\u00e4hlte Kreuz tragen, ist eine gr\u00f6\u00dfere Befriedigung f\u00fcr die Eigenliebe, die ein gro\u00dfes Gefallen an dem hat, was sie sich selber zurechtlegt, w\u00e4hrend es ihr nicht gef\u00e4llt, sich einfach f\u00fchren und leiten zu lassen.<\/p><cite>Geistliche Gespr\u00e4che, 15. Gespr\u00e4ch II,2.6.11; III.2 (in: Werke des hl. Franz von Sales, Eichst\u00e4tt 2002, Band II, S. 210.213\u2013214.219.221, zitiert aus <a href=\"http:\/\/www.evangeliumtagfuertag.org\">Evangelium Tag f\u00fcr Tag<\/a>)<\/cite><\/blockquote>\n","protected":false},"excerpt":{"rendered":"<p>Franz von Sales (1567-1622) war Bischof von Genf, Kirchenlehrer und ein gro\u00dfartiger Seelsorger, der mit seinen Ratschl\u00e4gen immer auch sehr praktisch und lebensbezogen war (hier ist das Buch &#8220;Philotea&#8221; \u00fcbrigens sehr zu empfehlen). Zur Fasten- und Umkehrzeit m\u00f6chte ich einen Text von ihm \u00fcber die Eigenliebe wiedergeben, der nicht immer angenehm, aber daf\u00fcr heilsam f\u00fcr [&hellip;]<\/p>\n","protected":false},"author":1,"featured_media":7259,"comment_status":"open","ping_status":"open","sticky":false,"template":"","format":"standard","meta":{"jetpack_post_was_ever_published":false,"_jetpack_newsletter_access":"","_jetpack_dont_email_post_to_subs":false,"_jetpack_newsletter_tier_id":0,"_jetpack_memberships_contains_paywalled_content":false,"_jetpack_memberships_contains_paid_content":false,"footnotes":""},"categories":[2],"tags":[],"class_list":["post-7258","post","type-post","status-publish","format-standard","has-post-thumbnail","hentry","category-allgemein"],"jetpack_featured_media_url":"https:\/\/i0.wp.com\/www.projekt-kirche.de\/wp-content\/uploads\/2020\/02\/Fran%C3%A7ois-de-Sales.jpg?fit=849%2C602&ssl=1","jetpack_shortlink":"https:\/\/wp.me\/p4Sdv6-1T4","jetpack_sharing_enabled":true,"_links":{"self":[{"href":"https:\/\/www.projekt-kirche.de\/index.php?rest_route=\/wp\/v2\/posts\/7258","targetHints":{"allow":["GET"]}}],"collection":[{"href":"https:\/\/www.projekt-kirche.de\/index.php?rest_route=\/wp\/v2\/posts"}],"about":[{"href":"https:\/\/www.projekt-kirche.de\/index.php?rest_route=\/wp\/v2\/types\/post"}],"author":[{"embeddable":true,"href":"https:\/\/www.projekt-kirche.de\/index.php?rest_route=\/wp\/v2\/users\/1"}],"replies":[{"embeddable":true,"href":"https:\/\/www.projekt-kirche.de\/index.php?rest_route=%2Fwp%2Fv2%2Fcomments&post=7258"}],"version-history":[{"count":1,"href":"https:\/\/www.projekt-kirche.de\/index.php?rest_route=\/wp\/v2\/posts\/7258\/revisions"}],"predecessor-version":[{"id":7260,"href":"https:\/\/www.projekt-kirche.de\/index.php?rest_route=\/wp\/v2\/posts\/7258\/revisions\/7260"}],"wp:featuredmedia":[{"embeddable":true,"href":"https:\/\/www.projekt-kirche.de\/index.php?rest_route=\/wp\/v2\/media\/7259"}],"wp:attachment":[{"href":"https:\/\/www.projekt-kirche.de\/index.php?rest_route=%2Fwp%2Fv2%2Fmedia&parent=7258"}],"wp:term":[{"taxonomy":"category","embeddable":true,"href":"https:\/\/www.projekt-kirche.de\/index.php?rest_route=%2Fwp%2Fv2%2Fcategories&post=7258"},{"taxonomy":"post_tag","embeddable":true,"href":"https:\/\/www.projekt-kirche.de\/index.php?rest_route=%2Fwp%2Fv2%2Ftags&post=7258"}],"curies":[{"name":"wp","href":"https:\/\/api.w.org\/{rel}","templated":true}]}}