{"id":7265,"date":"2020-03-03T07:32:25","date_gmt":"2020-03-03T06:32:25","guid":{"rendered":"https:\/\/www.projekt-kirche.de\/?p=7265"},"modified":"2020-05-08T14:55:32","modified_gmt":"2020-05-08T12:55:32","slug":"ueber-die-barmherzigkeit-gottes","status":"publish","type":"post","link":"https:\/\/www.projekt-kirche.de\/?p=7265","title":{"rendered":"\u00dcber die Barmherzigkeit Gottes"},"content":{"rendered":"<div class=\"shariff\" data-title=\"\u00dcber die Barmherzigkeit Gottes\" data-info-url=\"http:\/\/ct.de\/-2467514\" data-backend-url=\"https:\/\/www.projekt-kirche.de\/wp-content\/plugins\/shariff-sharing\/backend\/index.php\" data-temp=\"\/tmp\" data-ttl=\"60\" data-service=\"gftr\" data-services='[\"googleplus\",\"facebook\",\"twitter\",\"reddit\",\"info\"]' data-image=\"\" data-url=\"https:\/\/www.projekt-kirche.de\/?p=7265\" data-lang=\"de\" data-theme=\"colored\" data-orientation=\"horizontal\"><\/div>\n<p>Jean-Baptiste Marie Vianney (1786-1859), war Priester und Pfarrer von Ars. Ein einfacher und sehr bescheidener Mann. Er war nicht hoch gebildet und sprach eine einfache Sprache. Jedoch hatte er eine tiefe Liebe zu Gott und eine au\u00dferordentliche Fr\u00f6mmigkeit.<\/p>\n\n\n\n<!--more-->\n\n\n\n<p class=\"has-text-align-left\">Im Folgenden m\u00f6chte ich einen Text von ihm \u00fcber die unbegrenzte Liebe Gottes und seine Barmherzigkeit wiedergeben. Wie ich finde sehr passend auch zur Fastenzeit. <\/p>\n\n\n\n<blockquote class=\"wp-block-quote is-layout-flow wp-block-quote-is-layout-flow\"><p>Heute gibt es so wenig Glauben in der Welt, dass man entweder zu viel hofft oder verzweifelt. Manche sagen: \u201eIch habe so viel B\u00f6ses getan, dass mir Gott nicht mehr verzeihen kann.\u201c Meine Kinder, das ist eine gro\u00dfe Gottesl\u00e4sterung. Hier wird der g\u00f6ttlichen Barmherzigkeit eine Grenze gesetzt, und sie ist doch grenzenlos und unendlich. Wenn ihr so viel B\u00f6ses getan h\u00e4ttet, dass daran die Seelen einer ganzen Pfarrei zugrunde gingen, w\u00fcrde der liebe Gott es euch verzeihen, wenn ihr aufrichtig beichtet, es von Herzen bereut und den Vorsatz habt, es nicht wieder zu tun. Unser Herr ist wie eine Mutter, die ihr Kind auf ihren Armen tr\u00e4gt. Dieses Kind ist b\u00f6se, st\u00f6\u00dft seine Mutter mit den F\u00fc\u00dfen, bei\u00dft und kratzt sie. Die Mutter aber achtet gar nicht darauf. Sie wei\u00df, wenn sie es loslie\u00dfe, w\u00fcrde es fallen, es k\u00f6nnte nicht einmal allein gehen. Seht ihr, so ist unser Herr \u2026 Er duldet es, wenn wir ihn schlecht behandeln; er ertr\u00e4gt unsere Anma\u00dfung; er verzeiht unsere Torheit, denn er hat Mitleid mit uns, obwohl wir dessen nicht wert sind. Der liebe Gott ist ebenso bereit, uns zu verzeihen, wenn wir ihn darum bitten, wie eine Mutter bereit ist, ihr Kind aus dem Feuer zu ziehen.<\/p><cite>Janine Frossard, Ausgew\u00e4hlte Gedanken des heiligen Pfarrers von Ars, \u00a9 Paulinus Verlag Trier, S. 54f., zitiert aus <a href=\"http:\/\/www.evangeliumtagfuertag.org\">Evangelium Tag f\u00fcr Tag <\/a><\/cite><\/blockquote>\n","protected":false},"excerpt":{"rendered":"<p>Jean-Baptiste Marie Vianney (1786-1859), war Priester und Pfarrer von Ars. Ein einfacher und sehr bescheidener Mann. Er war nicht hoch gebildet und sprach eine einfache Sprache. Jedoch hatte er eine tiefe Liebe zu Gott und eine au\u00dferordentliche Fr\u00f6mmigkeit.<\/p>\n","protected":false},"author":1,"featured_media":7270,"comment_status":"open","ping_status":"open","sticky":false,"template":"","format":"standard","meta":{"jetpack_post_was_ever_published":false,"_jetpack_newsletter_access":"","_jetpack_dont_email_post_to_subs":false,"_jetpack_newsletter_tier_id":0,"_jetpack_memberships_contains_paywalled_content":false,"_jetpack_memberships_contains_paid_content":false,"footnotes":""},"categories":[2],"tags":[],"class_list":["post-7265","post","type-post","status-publish","format-standard","has-post-thumbnail","hentry","category-allgemein"],"jetpack_featured_media_url":"https:\/\/i0.wp.com\/www.projekt-kirche.de\/wp-content\/uploads\/2020\/03\/Johannes_Maria_Vianney.jpeg?fit=183%2C249&ssl=1","jetpack_shortlink":"https:\/\/wp.me\/p4Sdv6-1Tb","jetpack_sharing_enabled":true,"_links":{"self":[{"href":"https:\/\/www.projekt-kirche.de\/index.php?rest_route=\/wp\/v2\/posts\/7265","targetHints":{"allow":["GET"]}}],"collection":[{"href":"https:\/\/www.projekt-kirche.de\/index.php?rest_route=\/wp\/v2\/posts"}],"about":[{"href":"https:\/\/www.projekt-kirche.de\/index.php?rest_route=\/wp\/v2\/types\/post"}],"author":[{"embeddable":true,"href":"https:\/\/www.projekt-kirche.de\/index.php?rest_route=\/wp\/v2\/users\/1"}],"replies":[{"embeddable":true,"href":"https:\/\/www.projekt-kirche.de\/index.php?rest_route=%2Fwp%2Fv2%2Fcomments&post=7265"}],"version-history":[{"count":2,"href":"https:\/\/www.projekt-kirche.de\/index.php?rest_route=\/wp\/v2\/posts\/7265\/revisions"}],"predecessor-version":[{"id":7271,"href":"https:\/\/www.projekt-kirche.de\/index.php?rest_route=\/wp\/v2\/posts\/7265\/revisions\/7271"}],"wp:featuredmedia":[{"embeddable":true,"href":"https:\/\/www.projekt-kirche.de\/index.php?rest_route=\/wp\/v2\/media\/7270"}],"wp:attachment":[{"href":"https:\/\/www.projekt-kirche.de\/index.php?rest_route=%2Fwp%2Fv2%2Fmedia&parent=7265"}],"wp:term":[{"taxonomy":"category","embeddable":true,"href":"https:\/\/www.projekt-kirche.de\/index.php?rest_route=%2Fwp%2Fv2%2Fcategories&post=7265"},{"taxonomy":"post_tag","embeddable":true,"href":"https:\/\/www.projekt-kirche.de\/index.php?rest_route=%2Fwp%2Fv2%2Ftags&post=7265"}],"curies":[{"name":"wp","href":"https:\/\/api.w.org\/{rel}","templated":true}]}}